{"id":1312,"date":"2021-03-08T20:05:27","date_gmt":"2021-03-08T20:05:27","guid":{"rendered":"https:\/\/sittaunam19.wordpress.com\/?p=1312"},"modified":"2021-03-08T20:05:27","modified_gmt":"2021-03-08T20:05:27","slug":"la-relacion-de-las-mujeres-y-el-trabajo-refleja-una-historia-de-exclusion","status":"publish","type":"post","link":"https:\/\/sittaunam.org\/index.php\/2021\/03\/08\/la-relacion-de-las-mujeres-y-el-trabajo-refleja-una-historia-de-exclusion\/","title":{"rendered":"La relaci\u00f3n de las mujeres y el trabajo refleja una historia de exclusi\u00f3n."},"content":{"rendered":"\n<p class=\"has-text-align-center\"><\/p>\n\n\n\n<p>Fue el 8 de marzo de 1857 cuando se llev\u00f3 a cabo la primera gran manifestaci\u00f3n p\u00fablica de mujeres obreras textiles en la ciudad de Nueva York. Ellas trabajaban en la industria Cotton y se manifestaron ese d\u00eda demandando mejores condiciones laborales: reducci\u00f3n de la jornada laboral a 10 horas y salario equiparado al de los hombres, entre otros reclamos. Las trabajadoras que se manifestaron fueron brutalmente reprimidas, lo que tuvo como consecuencia que  120 mujeres fallecieran (1)<\/p>\n\n\n\n<p>Diversos movimientos de mujeres organizadas, en diferentes pa\u00edses, comenzaron a surgir y a crecer, todos ellos en el contexto de demandar derechos de igualdad y de mejores condiciones laborales; lo que desemboc\u00f3 en el reconocimiento del voto femenino, as\u00ed como en el reconocimiento de algunos derechos laborales en los espacios industriales; sin embargo, ello qued\u00f3 en el contexto de la mujer trabajadora como aquella que desempe\u00f1a alguna labor dentro de un sistema productivo en el contexto de industria.<\/p>\n\n\n\n<p>Como plantea Mestre (2), la relaci\u00f3n de las mujeres y \u201cel trabajo\u201d es una relaci\u00f3n que refleja una historia de exclusi\u00f3n, dicha autora abona en la discusi\u00f3n planteando lo siguiente:<strong> &#8221; Por eso es importante seguir reflexionando y seguir reivindicando por los derechos de las trabajadoras que somos todas. El trabajo parece ser el elemento m\u00e1s importante de inclusi\u00f3n y definici\u00f3n en las sociedades capitalistas actuales: si no tienes trabajo, no vales nada. Y en parte esto es lo que nos ha pasado a las mujeres mucho tiempo, que como lo que hacemos no se reconoce como trabajo, no valemos nada<\/strong>. En muchos pa\u00edses lo m\u00e1s que se ha conseguido es una ciudadan\u00eda laboral en el sentido de que los derechos van asociados al trabajo y esto se ha hecho excluyendo a las mujeres y las actividades que las mujeres realizamos en la mayor\u00eda de sociedades, que son actividades de cuidado. Por eso, una de las estrategias feministas que se han desarrollado y es importante creo rescatar hoy ha sido insistir (y reconceptualizar) en que lo que las mujeres hacemos es trabajo; que el trabajo de cuidado es trabajo, que la producci\u00f3n afectivo-sexual es trabajo. &#8220;<\/p>\n\n\n\n<p>\u00bfCu\u00e1nto deber\u00eda percibir una mujer por el trabajo en el hogar?<\/p>\n\n\n\n<p>Tomando en cuenta s\u00f3lo las labores de limpieza y comida, se estima que una empleada dom\u00e9stica deber\u00eda recibir 668 pesos por d\u00eda (ver tabla), sin tomar en cuenta labores de jardiner\u00eda, formaci\u00f3n de hijos, cuidado de adultos mayores, cuidado de familiares enfermos, mantenimiento de la casa, entre otros, que son actividades que realiza la persona encargada del hogar.<\/p>\n\n\n\n<figure class=\"wp-block-image is-resized\"><img fetchpriority=\"high\" decoding=\"async\" src=\"https:\/\/cdn.forbes.com.mx\/2019\/05\/Captura-de-pantalla-2019-05-07-a-las-20.41.41.png\" alt=\"\" width=\"525\" height=\"560\" \/><figcaption>Tomado de https:\/\/www.forbes.com.mx\/el-salario-justo-de-las-trabajadoras-del-hogar\/<\/figcaption><\/figure>\n\n\n\n<p>Debido a la brecha de g\u00e9nero, en SITTAUNAM buscamos incorporar la perspectiva de g\u00e9nero en la lucha por mejorar las condiciones laborales del personal acad\u00e9mico de la UNAM, ello en un contexto en el que las profesoras y los profesores tengamos representaci\u00f3n en los \u00f3rganos de tomas de decisi\u00f3n en la Universidad. (https:\/\/sittaunam19.wordpress.com\/por-que-luchamos-por-igualdad-de-genero\/). Te invitamos a formar parte de dicha lucha.<\/p>\n\n\n\n<p>\u00a1Por la dignificaci\u00f3n del trabajo acad\u00e9mico y la democratizaci\u00f3n de la UNAM!<\/p>\n\n\n\n<p><\/p>\n\n\n\n<p>Referencias<\/p>\n\n\n\n<p>(1) 8 de Marzo D\u00eda Internacional de la Mujer http:\/\/www.patrimoniocultural.gob.cl\/Recursos\/Contenidos\/Museo%20Hist%C3%B3rico%20Nacional\/archivos\/8DEMARZOD%C3%8DAINTERNACIONALDELAMUJER.pdf<\/p>\n\n\n\n<p>(2) Ruth Mestre.  8 de marzo, d\u00eda internacional de la mujer trabajadora que somos todas. Revista Reportes Andinos No. 13 (2005).<\/p>\n","protected":false},"excerpt":{"rendered":"<p>Fue el 8 de marzo de 1857 cuando se llev\u00f3 a cabo la primera gran manifestaci\u00f3n p\u00fablica de mujeres obreras textiles en la ciudad de Nueva York. Ellas trabajaban en la industria Cotton y se manifestaron ese d\u00eda demandando mejores condiciones laborales: reducci\u00f3n de la jornada laboral a 10 horas y salario equiparado al de los hombres, entre otros reclamos. Las trabajadoras que se manifestaron fueron brutalmente reprimidas, lo que tuvo como consecuencia que 120 mujeres fallecieran (1) Diversos movimientos de mujeres organizadas, en diferentes pa\u00edses, comenzaron a surgir y a crecer, todos ellos en el contexto de demandar derechos de igualdad y de mejores condiciones laborales; lo que desemboc\u00f3 en el reconocimiento del voto femenino, as\u00ed como en el reconocimiento de algunos derechos laborales en los espacios industriales; sin embargo, ello qued\u00f3 en el contexto de la mujer trabajadora como aquella que desempe\u00f1a alguna labor dentro de un sistema productivo en el contexto de industria. Como plantea Mestre (2), la relaci\u00f3n de las mujeres y \u201cel trabajo\u201d es una relaci\u00f3n que refleja una historia de exclusi\u00f3n, dicha autora abona en la discusi\u00f3n planteando lo siguiente: &#8221; Por eso es importante seguir reflexionando y seguir reivindicando por los derechos de las trabajadoras que somos todas. El trabajo parece ser el elemento m\u00e1s importante de inclusi\u00f3n y definici\u00f3n en las sociedades capitalistas actuales: si no tienes trabajo, no vales nada. Y en parte esto es lo que nos ha pasado a las mujeres mucho tiempo, que como lo que hacemos no se reconoce como trabajo, no valemos nada. En muchos pa\u00edses lo m\u00e1s que se ha conseguido es una ciudadan\u00eda laboral en el sentido de que los derechos van asociados al trabajo y esto se ha hecho excluyendo a las mujeres y las actividades que las mujeres realizamos en la mayor\u00eda de sociedades, que son actividades de cuidado. Por eso, una de las estrategias feministas que se han desarrollado y es importante creo rescatar hoy ha sido insistir (y reconceptualizar) en que lo que las mujeres hacemos es trabajo; que el trabajo de cuidado es trabajo, que la producci\u00f3n afectivo-sexual es trabajo. &#8220; \u00bfCu\u00e1nto deber\u00eda percibir una mujer por el trabajo en el hogar? Tomando en cuenta s\u00f3lo las labores de limpieza y comida, se estima que una empleada dom\u00e9stica deber\u00eda recibir 668 pesos por d\u00eda (ver tabla), sin tomar en cuenta labores de jardiner\u00eda, formaci\u00f3n de hijos, cuidado de adultos mayores, cuidado de familiares enfermos, mantenimiento de la casa, entre otros, que son actividades que realiza la persona encargada del hogar. Debido a la brecha de g\u00e9nero, en SITTAUNAM buscamos incorporar la perspectiva de g\u00e9nero en la lucha por mejorar las condiciones laborales del personal acad\u00e9mico de la UNAM, ello en un contexto en el que las profesoras y los profesores tengamos representaci\u00f3n en los \u00f3rganos de tomas de decisi\u00f3n en la Universidad. (https:\/\/sittaunam19.wordpress.com\/por-que-luchamos-por-igualdad-de-genero\/). Te invitamos a formar parte de dicha lucha. \u00a1Por la dignificaci\u00f3n del trabajo acad\u00e9mico y la democratizaci\u00f3n de la UNAM! Referencias (1) 8 de Marzo D\u00eda Internacional de la Mujer http:\/\/www.patrimoniocultural.gob.cl\/Recursos\/Contenidos\/Museo%20Hist%C3%B3rico%20Nacional\/archivos\/8DEMARZOD%C3%8DAINTERNACIONALDELAMUJER.pdf (2) Ruth Mestre. 8 de marzo, d\u00eda internacional de la mujer trabajadora que somos todas. Revista Reportes Andinos No. 13 (2005).<\/p>\n","protected":false},"author":1,"featured_media":0,"comment_status":"open","ping_status":"open","sticky":false,"template":"","format":"standard","meta":{"site-sidebar-layout":"default","site-content-layout":"","ast-site-content-layout":"default","site-content-style":"default","site-sidebar-style":"default","ast-global-header-display":"","ast-banner-title-visibility":"","ast-main-header-display":"","ast-hfb-above-header-display":"","ast-hfb-below-header-display":"","ast-hfb-mobile-header-display":"","site-post-title":"","ast-breadcrumbs-content":"","ast-featured-img":"","footer-sml-layout":"","ast-disable-related-posts":"","theme-transparent-header-meta":"","adv-header-id-meta":"","stick-header-meta":"","header-above-stick-meta":"","header-main-stick-meta":"","header-below-stick-meta":"","astra-migrate-meta-layouts":"default","ast-page-background-enabled":"default","ast-page-background-meta":{"desktop":{"background-color":"var(--ast-global-color-5)","background-image":"","background-repeat":"repeat","background-position":"center center","background-size":"auto","background-attachment":"scroll","background-type":"","background-media":"","overlay-type":"","overlay-color":"","overlay-opacity":"","overlay-gradient":""},"tablet":{"background-color":"","background-image":"","background-repeat":"repeat","background-position":"center center","background-size":"auto","background-attachment":"scroll","background-type":"","background-media":"","overlay-type":"","overlay-color":"","overlay-opacity":"","overlay-gradient":""},"mobile":{"background-color":"","background-image":"","background-repeat":"repeat","background-position":"center center","background-size":"auto","background-attachment":"scroll","background-type":"","background-media":"","overlay-type":"","overlay-color":"","overlay-opacity":"","overlay-gradient":""}},"ast-content-background-meta":{"desktop":{"background-color":"var(--ast-global-color-4)","background-image":"","background-repeat":"repeat","background-position":"center center","background-size":"auto","background-attachment":"scroll","background-type":"","background-media":"","overlay-type":"","overlay-color":"","overlay-opacity":"","overlay-gradient":""},"tablet":{"background-color":"var(--ast-global-color-4)","background-image":"","background-repeat":"repeat","background-position":"center center","background-size":"auto","background-attachment":"scroll","background-type":"","background-media":"","overlay-type":"","overlay-color":"","overlay-opacity":"","overlay-gradient":""},"mobile":{"background-color":"var(--ast-global-color-4)","background-image":"","background-repeat":"repeat","background-position":"center center","background-size":"auto","background-attachment":"scroll","background-type":"","background-media":"","overlay-type":"","overlay-color":"","overlay-opacity":"","overlay-gradient":""}},"footnotes":""},"categories":[1],"tags":[],"class_list":["post-1312","post","type-post","status-publish","format-standard","hentry","category-sin-categoria"],"_links":{"self":[{"href":"https:\/\/sittaunam.org\/index.php\/wp-json\/wp\/v2\/posts\/1312","targetHints":{"allow":["GET"]}}],"collection":[{"href":"https:\/\/sittaunam.org\/index.php\/wp-json\/wp\/v2\/posts"}],"about":[{"href":"https:\/\/sittaunam.org\/index.php\/wp-json\/wp\/v2\/types\/post"}],"author":[{"embeddable":true,"href":"https:\/\/sittaunam.org\/index.php\/wp-json\/wp\/v2\/users\/1"}],"replies":[{"embeddable":true,"href":"https:\/\/sittaunam.org\/index.php\/wp-json\/wp\/v2\/comments?post=1312"}],"version-history":[{"count":0,"href":"https:\/\/sittaunam.org\/index.php\/wp-json\/wp\/v2\/posts\/1312\/revisions"}],"wp:attachment":[{"href":"https:\/\/sittaunam.org\/index.php\/wp-json\/wp\/v2\/media?parent=1312"}],"wp:term":[{"taxonomy":"category","embeddable":true,"href":"https:\/\/sittaunam.org\/index.php\/wp-json\/wp\/v2\/categories?post=1312"},{"taxonomy":"post_tag","embeddable":true,"href":"https:\/\/sittaunam.org\/index.php\/wp-json\/wp\/v2\/tags?post=1312"}],"curies":[{"name":"wp","href":"https:\/\/api.w.org\/{rel}","templated":true}]}}