{"id":1501,"date":"2021-09-13T17:08:00","date_gmt":"2021-09-13T17:08:00","guid":{"rendered":"https:\/\/sittaunam19.wordpress.com\/?p=1501"},"modified":"2021-09-13T17:08:00","modified_gmt":"2021-09-13T17:08:00","slug":"https-sittaunam19-wordpress-com-2021-09-13-pronunciamiento-para-denunciar-la-violencia-fisica-sexual-y-psico-emocional-ejercida-por-el-funcionario-jose-luis-garcia-hernandez-en-contra-de-martin-lopez","status":"publish","type":"post","link":"https:\/\/sittaunam.org\/index.php\/2021\/09\/13\/https-sittaunam19-wordpress-com-2021-09-13-pronunciamiento-para-denunciar-la-violencia-fisica-sexual-y-psico-emocional-ejercida-por-el-funcionario-jose-luis-garcia-hernandez-en-contra-de-martin-lopez\/","title":{"rendered":"Pronunciamiento para denunciar la violencia f\u00edsica, sexual, psico-emocional y otras violencias ejercidas por el profesor universitario JOS\u00c9 LUIS GARC\u00cdA HERN\u00c1NDEZ en contra de nuestro compa\u00f1ero MART\u00cdN L\u00d3PEZ GALLEGOS"},"content":{"rendered":"\n<p>Publicado por <a href=\"https:\/\/sittaunam19.wordpress.com\/\" target=\"_blank\" rel=\"noreferrer noopener\">SITTAUNAM&nbsp;<\/a>Sep 13, 2021&nbsp;|&nbsp;Denuncias,&nbsp;Especiales, Pronunciamientos<\/p>\n\n\n\n<p><\/p>\n\n\n\n<p class=\"has-text-align-left has-foreground-color has-text-color\">Considerando que&nbsp;<em>toda persona tiene derecho a la vida, a la libertad y a la seguridad de su persona<\/em>, que <em>nadie ser\u00e1 objeto de injerencias arbitrarias en su vida privada, su familia, su domicilio o su correspondencia<\/em>, y que<em>&nbsp;nadie ser\u00e1 sometido a torturas ni a penas o tratos crueles, inhumanos o degradantes<\/em>, tal como lo establece la <strong>Declaraci\u00f3n Universal de los Derechos Humanos<\/strong>, dirigimos el presente <strong>pronunciamiento<\/strong> <strong>a la poblaci\u00f3n en general <\/strong>y, en particular, <strong>a las siguientes autoridades e instancias universitarias:<\/strong><\/p>\n\n\n\n<p><\/p>\n\n\n\n<p><strong>A la comunidad universitaria de la UNAM, de la UACM y de otras instituciones educativas<\/strong><\/p>\n\n\n\n<p class=\"has-foreground-color has-text-color\"><strong>A la Rector\u00eda de la Universidad Nacional Aut\u00f3noma de M\u00e9xico (UNAM)<\/strong><\/p>\n\n\n\n<p class=\"has-foreground-color has-text-color\"><strong>A la Rector\u00eda de la Universidad Aut\u00f3noma de la Ciudad de M\u00e9xico (UACM)<\/strong><\/p>\n\n\n\n<p class=\"has-foreground-color has-text-color\"><a><span class=\"has-inline-color has-foreground-color\"><strong>Al Consejo Universitario VI Legislatura de la Universidad Aut\u00f3noma de la Ciudad de M\u00e9xico<\/strong><\/span><\/a><\/p>\n\n\n\n<p class=\"has-foreground-color has-text-color\"><strong>A la Responsable<\/strong><strong> <\/strong><strong>General<\/strong><strong> <\/strong><strong>del<\/strong><strong> <\/strong><strong>Centro<\/strong><strong> <\/strong><strong>Acad\u00e9mico<\/strong><strong> <\/strong><strong>de<\/strong><strong> <\/strong><strong>la<\/strong><strong> <\/strong><strong>Memoria<\/strong><strong> <\/strong><strong>de<\/strong><strong> <\/strong><strong>Nuestra<\/strong><strong> <\/strong><strong>Am\u00e9rica<\/strong><strong> <\/strong><strong>(<\/strong><strong>CAMeNA<\/strong><strong>)<\/strong><strong> <\/strong><strong>de<\/strong><strong> <\/strong><strong>la<\/strong><strong> <\/strong><strong>UACM<\/strong><\/p>\n\n\n\n<p class=\"has-foreground-color has-text-color\"><strong>A<\/strong><strong> <\/strong><strong>la<\/strong><strong> <\/strong><strong>Defensor\u00eda<\/strong><strong> <\/strong><strong>de<\/strong><strong> <\/strong><strong>los<\/strong><strong> <\/strong><strong>Derechos<\/strong><strong> <\/strong><strong>Universitarios,<\/strong><strong> <\/strong><strong>Igualdad<\/strong><strong> <\/strong><strong>y<\/strong><strong> <\/strong><strong>Atenci\u00f3n<\/strong><strong> <\/strong><strong>de<\/strong><strong> <\/strong><strong>la<\/strong><strong> <\/strong><strong>Violencia<\/strong><strong> <\/strong><strong>de<\/strong><strong> <\/strong><strong>G\u00e9nero<\/strong><strong> <\/strong><strong>de<\/strong><strong> <\/strong><strong>la<\/strong><strong> <\/strong><strong>UNAM<\/strong><\/p>\n\n\n\n<p class=\"has-foreground-color has-text-color\"><strong>A la Defensor\u00eda de los Derechos Universitarios, a la Unidad de G\u00e9nero de la UACM y a las instancias que atienden los casos de Violencia de G\u00e9nero en la UACM<\/strong><\/p>\n\n\n\n<p class=\"has-foreground-color has-text-color\"><strong>A las y los integrantes del Centro Acad\u00e9mico de la Memoria de Nuestra Am\u00e9rica (CAMeNA) de la UACM<\/strong><\/p>\n\n\n\n<p class=\"has-foreground-color has-text-color\"><strong>Al Colegio de Humanidades y Ciencias Sociales de la UACM<\/strong><\/p>\n\n\n\n<p class=\"has-foreground-color has-text-color\"><strong>A la Facultad de Ciencias Pol\u00edticas y Sociales de la UNAM<\/strong><\/p>\n\n\n\n<p class=\"has-foreground-color has-text-color\"><strong>A la Facultad de Filosof\u00eda y Letras de la UNAM<\/strong><\/p>\n\n\n\n<p class=\"has-foreground-color has-text-color\"><\/p>\n\n\n\n<p class=\"has-foreground-color has-text-color\">Las pr\u00e1cticas de la violencia machista cohabitan en las instituciones educativas, a pesar de la implementaci\u00f3n de protocolos contra la violencia de g\u00e9nero. En a\u00f1os recientes, las universitarias y los universitarios hemos alzado la voz contra el acoso, el hostigamiento y las violencias patriarcales. Nos hemos organizado para enfrentar las violencias machistas y erradicar la violencia de g\u00e9nero en los espacios universitarios. Derivado de estas luchas universitarias, sobre todo de las mujeres organizadas, en la <strong>UNAM la violencia de g\u00e9nero ya es<\/strong> considerada <strong><em>causa<\/em><\/strong> <strong><em>especialmente grave de responsabilidad<\/em><\/strong>.<a> Desde su creaci\u00f3n, nuestro sindicato se ha pronunciado contra la violencia de g\u00e9nero y ha determinado que las agresiones f\u00edsicas, psicol\u00f3gicas y sexuales ejercidas por cualquier integrante de nuestro gremio contra cualquier miembro\/a de la comunidad universitaria son <strong>causas<\/strong> <strong>graves de responsabilidad \u00e9tica y de respeto, <\/strong>las cuales<strong> ameritan ser sancionadas mediante la expulsi\u00f3n de nuestra organizaci\u00f3n sindical.<\/strong><\/a><\/p>\n\n\n\n<p><\/p>\n\n\n\n<figure class=\"wp-block-image size-large is-resized\"><img fetchpriority=\"high\" decoding=\"async\" src=\"https:\/\/sittaunam19.files.wordpress.com\/2021\/09\/marcha-a-la-rectoria-cu-unam-14-nov-2019.-foto-especial.png?w=888\" alt=\"\" class=\"wp-image-1546\" width=\"780\" height=\"439\" srcset=\"https:\/\/sittaunam.org\/wp-content\/uploads\/2021\/09\/marcha-a-la-rectoria-cu-unam-14-nov-2019.-foto-especial.png 888w, https:\/\/sittaunam.org\/wp-content\/uploads\/2021\/09\/marcha-a-la-rectoria-cu-unam-14-nov-2019.-foto-especial-300x169.png 300w, https:\/\/sittaunam.org\/wp-content\/uploads\/2021\/09\/marcha-a-la-rectoria-cu-unam-14-nov-2019.-foto-especial-768x432.png 768w\" sizes=\"(max-width: 780px) 100vw, 780px\" \/><figcaption>Protestas en Ciudad Universitaria contra la violencia de g\u00e9nero en la UNAM. Noviembre, 2019.  Foto: Especial.<\/figcaption><\/figure>\n\n\n\n<p><\/p>\n\n\n\n<p class=\"has-foreground-color has-text-color\">Lamentablemente, no estamos exentas ni exentos de padecer las violencias machistas\/patriarcales en nuestros espacios de trabajo docente. En esta ocasi\u00f3n, uno de nuestros agremiados, el profesor universitario <strong>MART\u00cdN L\u00d3PEZ GALLEGOS<\/strong>, <a><strong>ha sido v\u00edctima directa de violencias y agresiones f\u00edsicas, sexuales y psico-emocionales ocurridas dentro y fuera de los espacios universitarios<\/strong><\/a>; as\u00ed como de <strong>violencias verbales, psicol\u00f3gicas, simb\u00f3licas, digitales, econ\u00f3micas y patrimoniales; acoso, hostigamiento pol\u00edtico-sexual, amenazas de muerte, entre otras violencias <\/strong>por parte del agresor <strong>JOS\u00c9 LUIS GARC\u00cdA HERN\u00c1NDEZ<\/strong>, profesor de la Facultad de Ciencias Pol\u00edticas y Sociales de la UNAM e <strong>integrante de nuestro sindicato<\/strong> (<strong>en proceso de afiliaci\u00f3n<\/strong>),quien <strong>inmediatamente fue separado del SITTAUNAM<\/strong> <strong>el d\u00eda 09 de diciembre de 2020<\/strong> tras ser denunciado por cometer actos de <strong>violencia de g\u00e9nero<\/strong> contra nuestro compa\u00f1ero<strong> MART\u00cdN L\u00d3PEZ GALLEGOS<\/strong>.<\/p>\n\n\n\n<p class=\"has-foreground-color has-text-color\"><strong>La<\/strong> <strong>decisi\u00f3n de separarlo del SITTAUNAM<\/strong> fue para parte de una <strong>medida precautoria<\/strong>, con base en la solicitud expresa de las profesoras afiliadas y los profesores afiliados dirigida a la Coordinaci\u00f3n Colegiada y de la Secretar\u00eda General del SITTAUNAM, con el fin de evitar que el agresor denunciado tuviera contacto con su v\u00edctima directa mientras se emit\u00eda una resoluci\u00f3n final sobre la responsabilidad y, en su caso, la respectiva sanci\u00f3n aplicable para el profesor denunciado. Al respecto, deseamos manifestar lo siguiente:<\/p>\n\n\n\n<p class=\"has-foreground-color has-text-color\"><strong>1.<\/strong> De acuerdo con el Instituto de Investigaciones Sociales de la UNAM, la <strong>violencia contra las mujeres se increment\u00f3<\/strong> <strong>notoriamente<\/strong> a partir del confinamiento desde abril del 2020, y en ese mismo periodo la <strong>violencia de g\u00e9nero<\/strong> <strong>increment\u00f3 en un 26%;<\/strong> las medidas de aislamiento y confinamiento dictadas frente a la pandemia producida por el <em>SARS-COV2<\/em> est\u00e1 teniendo repercusiones tales como: mayores niveles de estr\u00e9s, aumento de agresiones para intimidar o degradar a mujeres y ni\u00f1as, aumento de violencia contra grupos vulnerables como lo es el sector de la <strong>comunidad<\/strong> <strong>sexogen\u00e9rica LGBTTTIQ+<\/strong> y, de esta forma, han sido vulnerados sus derechos de vivir una vida libre de violencia y a la seguridad e integridad personal, entre otros.<\/p>\n\n\n\n<p class=\"has-foreground-color has-text-color\"><strong>2.<\/strong> Nuestro compa\u00f1ero<strong> MART\u00cdN L\u00d3PEZ GALLEGOS, <\/strong>profesor de la UNAM,ha sido acosado, agredido y violentado de forma sistem\u00e1tica, adem\u00e1s de ser amenazado de muerte debido a su decisi\u00f3n de separarse de la relaci\u00f3n de pareja que manten\u00eda con su agresor, contra quien ha decidido iniciar un proceso de denuncia, de manera legal, lo que lo hace todav\u00eda m\u00e1s vulnerable por las siguientes razones: <strong>por ser v\u00edctima de sistem\u00e1ticas agresiones por parte del violentador denunciado, por su propia condici\u00f3n de g\u00e9nero y orientaci\u00f3n sexual <\/strong>al pertenecer al sector de la<strong> comunidad LGBTTTIQ+,<\/strong> hist\u00f3ricamente vulnerado; y <strong>por ser una v\u00edctima denunciante<\/strong> que en un pa\u00eds como el nuestro significa <strong>un mayor riesgo de vulnerabilidad para las v\u00edctimas que denuncian.<\/strong><\/p>\n\n\n\n<p class=\"has-foreground-color has-text-color\"><strong>3.<\/strong> La violencia contra nuestro compa\u00f1ero Mart\u00edn inici\u00f3 hace poco m\u00e1s de cinco a\u00f1os, la cual se manifest\u00f3 dentro de los espacios universitarios en la UNAM; <strong>la violencia escal\u00f3 a agresiones f\u00edsicas, sexuales y psicoemocionales perpetradas, en repetidas ocasiones, al interior de las instalaciones de la FCPyS y del Centro Acad\u00e9mico de la Memoria de Nuestra Am\u00e9rica (CAMeNA) en la Universidad Aut\u00f3noma de la Ciudad de M\u00e9xico (UACM).<\/strong> La ruptura ha desembocado en amenazas de muerte hacia el profesor Mart\u00edn y hacia sus familiares, por parte del agresor y de sus familiares que, seg\u00fan fuentes documentales e historiogr\u00e1ficas, estos tienen antecedentes de colaboraci\u00f3n con grupos paramilitares; todo ello en un clima de omisi\u00f3n por parte de las autoridades de la UACM y del CAMeNA para frenar la violencia y el hostigamiento hacia nuestro compa\u00f1ero denunciante. Mart\u00edn es tambi\u00e9n estudiante de la UACM y, por tanto, un miembro de la comunidad universitaria a quien hoy ignoran y violentan las autoridades de la UACM y del CAMeNA, quienes refugian en sus espacios al agresor denunciado d\u00e1ndole as\u00ed la espalda a la v\u00edctima. <\/p>\n\n\n\n<p><\/p>\n\n\n\n<figure class=\"wp-block-image size-large\"><img decoding=\"async\" width=\"1024\" height=\"572\" src=\"https:\/\/sittaunam19.files.wordpress.com\/2021\/09\/marcha-en-cu.-foto.-especial.jpeg?w=1024\" alt=\"\" class=\"wp-image-1548\" srcset=\"https:\/\/sittaunam.org\/wp-content\/uploads\/2021\/09\/marcha-en-cu.-foto.-especial.jpeg 1024w, https:\/\/sittaunam.org\/wp-content\/uploads\/2021\/09\/marcha-en-cu.-foto.-especial-300x168.jpeg 300w, https:\/\/sittaunam.org\/wp-content\/uploads\/2021\/09\/marcha-en-cu.-foto.-especial-768x429.jpeg 768w\" sizes=\"(max-width: 1024px) 100vw, 1024px\" \/><figcaption>Protestas en Ciudad Universitaria contra la violencia de g\u00e9nero en la UNAM. Noviembre, 2019.  Foto: Especial.<\/figcaption><\/figure>\n\n\n\n<p><\/p>\n\n\n\n<p class=\"has-foreground-color has-text-color\"><strong>4.<\/strong> Debido a este desmesurado escenario de violencia es inadmisible que, como resultado de una denuncia por <strong>violencia de g\u00e9nero<\/strong> contra el profesor agresor <strong>JOS\u00c9 LUIS GARC\u00cdA HERN\u00c1NDEZ<\/strong>, la <strong>UNAM<\/strong> cometa omisiones que derivan en postergar la denuncia y su resoluci\u00f3n bajo el subterfugio de que la lentitud del proceso es debido a la pandemia.<\/p>\n\n\n\n<p class=\"has-foreground-color has-text-color\">Las <strong>autoridades universitarias<\/strong> e instancias como la <strong>Defensor\u00eda de los Derechos Universitarios, Igualdad y Atenci\u00f3n a la Violencia de G\u00e9nero de la UNAM<\/strong> han manifestado su intenci\u00f3n de atender y dar seguimiento a todas las denuncias presentadas contra profesores agresores, as\u00ed como dar acompa\u00f1amiento y apoyo psicol\u00f3gico a las v\u00edctimas denunciantes. No obstante, han determinado que las denuncias y respectivas sanciones contra los profesores agresores acusados proceder\u00e1n hasta regresar a las actividades presenciales.<\/p>\n\n\n\n<p class=\"has-foreground-color has-text-color\">Aunque las autoridades de la UNAM han implementado medidas de tratamiento con las v\u00edctimas denunciantes y han establecido que la violencia de g\u00e9nero deriva en una infracci\u00f3n grave merecedora de castigo, estas acciones contradicen lo que \u00e9stas afirman en sus discursos, donde presumen trabajar por la erradicaci\u00f3n de la violencia de g\u00e9nero, pero en los hechos sucede lo contario.<\/p>\n\n\n\n<p class=\"has-foreground-color has-text-color\">Por lo tanto, deseamos denunciar estos hechos como <strong>omisiones y falta de sensibilidad<\/strong> de las autoridades M\u00e1xima Casa de Estudios hacia con las v\u00edctimas denunciantes. Es inadmisible que \u00e9stas sigan siendo omisas y c\u00f3mplices de las violencias de profesores denunciados <strong>por mujeres e integrantes de la comunidad sexogen\u00e9rica LGBT+<\/strong>, quienes han sido v\u00edctimas de los violentadores machistas que al d\u00eda de hoy siguen siendo profesores y, por tanto, AGRESORES ACTIVOS en la Universidad m\u00e1s grande de Am\u00e9rica Latina y una de las m\u00e1s prestigiadas e importantes del mundo.<\/p>\n\n\n\n<p><\/p>\n\n\n\n<figure class=\"wp-block-image size-large\"><img decoding=\"async\" width=\"888\" height=\"500\" src=\"https:\/\/sittaunam19.files.wordpress.com\/2021\/09\/marcha-a-la-rectoria-cu-unam-14-nov-2019.-foto-especial-1.png?w=888\" alt=\"\" class=\"wp-image-1550\" srcset=\"https:\/\/sittaunam.org\/wp-content\/uploads\/2021\/09\/marcha-a-la-rectoria-cu-unam-14-nov-2019.-foto-especial-1.png 888w, https:\/\/sittaunam.org\/wp-content\/uploads\/2021\/09\/marcha-a-la-rectoria-cu-unam-14-nov-2019.-foto-especial-1-300x169.png 300w, https:\/\/sittaunam.org\/wp-content\/uploads\/2021\/09\/marcha-a-la-rectoria-cu-unam-14-nov-2019.-foto-especial-1-768x432.png 768w\" sizes=\"(max-width: 888px) 100vw, 888px\" \/><figcaption>Protestas en Ciudad Universitaria contra la violencia de g\u00e9nero en la UNAM. 14 de noviembre de 2019.  Foto: Especial.<\/figcaption><\/figure>\n\n\n\n<p><\/p>\n\n\n\n<p class=\"has-foreground-color has-text-color\"><strong>5. A\u00fan m\u00e1s grave y lamentable es que instituciones educativas <\/strong>como la <strong>Universidad Aut\u00f3noma de la Ciudad de M\u00e9xico<\/strong> (<strong>UACM<\/strong>); espacios de gobierno a nivel Universidad como es el caso de la Rector\u00eda y el Consejo Universitario (CU)\u2013Sexta Legislatura, donde el agresor denunciado es miembro, y espacios acad\u00e9micos como el Centro Acad\u00e9mico de la Memoria de Nuestra Memoria (CAMeNA) <strong>act\u00faen con reserva, complicidad y hagan caso omiso <\/strong>de la denuncia p\u00fablica y legal que nuestro compa\u00f1ero MART\u00cdN L\u00d3PEZ GALLEGOS, estudiante de la UACM, ha emprendido contra el <strong>agresor<\/strong> <strong>JOS\u00c9 LUIS GARC\u00cdA HERN\u00c1NDEZ<\/strong> por diversos actos de violencia de g\u00e9nero, acoso, hostigamiento pol\u00edtico-sexual, y amenazas de muerte; <strong>agresor que hoy es refugiado por el CAMeNA y el Consejo Universitario de la UACM.<\/strong><\/p>\n\n\n\n<p class=\"has-foreground-color has-text-color\">Igual de grave es que nuestro compa\u00f1ero Mart\u00edn, en su calidad de estudiante en la UACM, ha sido revictimizado y atacado con insultos LGBTIf\u00f3bicos, violencias homof\u00f3bicas y discursos de odio por parte del Consejero Universitario <strong>ZAID ARTURO SCHULZ MELCHOR<\/strong>, as\u00ed como otros miembros del CU que tambi\u00e9n han revictimizado, tratado con desprecio e indolencia a la v\u00edctima que present\u00f3 su denuncia en la sesi\u00f3n plenaria del Consejo Universitario del pasado 10 de marzo. Acto seguido, <strong>el Pleno del Consejo Universitario, en presencia de la<\/strong> <strong>TANIA HOGLA RODR\u00cdGUEZ MORA, rectora de la UACM<\/strong>, interrumpi\u00f3 y revictimiz\u00f3 en varias ocasiones al compa\u00f1ero Mart\u00edn, v\u00edctima denunciante; opt\u00f3 por silenciarlo y expulsarlo de la sesi\u00f3n plenaria virtual a pesar de que varias\/os consejeras\/os universitarias\/os estudiantes denunciaron dicho acto y manifestaron su rechazo ante la decisi\u00f3n arbitraria de silenciarlo al ser un estudiante v\u00edctima de violencia de g\u00e9nero por parte dos consejeros universitarios ah\u00ed presentes.<\/p>\n\n\n\n<p class=\"has-foreground-color has-text-color\">De esta manera, a nuestro compa\u00f1ero Mart\u00edn lo revictimizaron y lo violentaron al no dejarlo ni siquiera terminar de exponer su denuncia contra los <strong>dos agresores miembros del CU.<\/strong> Todo ello da cuenta de las relaciones de poder que tiene el agresor con las autoridades universitarias y con el CU, m\u00e1ximo \u00f3rgano de gobierno de la UACM; pr\u00e1cticas de <strong>encubrimiento y abuso de autoridad <\/strong>que operan al interior de una instituci\u00f3n educativa p\u00fablica como la <strong>UACM y el Centro Acad\u00e9mico de la Memoria de Nuestra Memoria\u2013CAMeNA\/Archivo Gregorio y Marta Selser.<\/strong><\/p>\n\n\n\n<p class=\"has-foreground-color has-text-color\">El <strong>VI Consejo Universitario de la UACM<\/strong> aprob\u00f3 el 26 de octubre de 2020 un <em>Protocolo para prevenir y erradicar la discriminaci\u00f3n, la violencia contra las mujeres, el acoso y el hostigamiento sexual<\/em> en la UACM como resultado de una deuda hist\u00f3rica y de las protestas contra la violencia de g\u00e9nero que actualmente se extienden en las universidades de todo el pa\u00eds. Es inadmisible que no hayan activado este protocolo a favor de la v\u00edctima denunciante, sobre todo cuando la denuncia que se realiza contra dos miembros del Consejo Universitario <strong>(JOS\u00c9 LUIS GARC\u00cdA HERN\u00c1NDEZ y ZAID ARTURO SCHULZ MELCHOR<\/strong>), quienes hasta ahora siguen siendo parte de este m\u00e1ximo \u00f3rgano de gobierno sin ser separados de sus cargos.<\/p>\n\n\n\n<p class=\"has-foreground-color has-text-color\">Es inaceptable que la Rectora <strong>TANIA HOGLA RODR\u00cdGUEZ MORA<\/strong> no tome postura contra estos agresores denunciados, quienes son sus compa\u00f1eros del VI CU. Cuando el CU aprob\u00f3 el protocolo, la rectoradeclar\u00f3que en a\u00f1os anteriores la UACM hab\u00eda sido omisa en la atenci\u00f3n de denuncias de distintos tipos de violencia de g\u00e9nero y con casos que la Universidad no pudo atender como es debido, ella misma se\u00f1al\u00f3 que <strong>\u201cla instituci\u00f3n [UACM] muchas veces se fue omisa\u201d.<\/strong> Y esta vez, <strong>bajo su rectorado,<\/strong> <strong>la historia SE VUELVE A REPETIR a trav\u00e9s de omisiones, nepotismo y complicidades<\/strong> como parte de las estructuras de poder que favorecen el actuar impune de los agresores sexuales y que, a la vez, violentan y revictimizan a las v\u00edctimas denunciantes.<\/p>\n\n\n\n<p class=\"has-foreground-color has-text-color\">Esta serie de <strong>omisiones y connivencias<\/strong> derivan en actos de irresponsabilidad, revictimizaci\u00f3n y hasta de violencia institucional contra la v\u00edctima denunciante, exponiendo a un mayor riesgo de vulnerabilidad a la v\u00edctima que, como estudiante de la UACM, ha denunciado situaciones graves que incluyen <strong>amenazas de muerte<\/strong>, dej\u00e1ndolo en total estado de indefensi\u00f3n y, por el contrario, proteger al victimario sin iniciar ni concluir el procedimiento para separarlo de sus cargos, ante un exponencial y alarmante escenario de violencias y sistem\u00e1ticas amenazas de muerte que ponen en riesgo la vida de su v\u00edctima.<\/p>\n\n\n\n<p class=\"has-foreground-color has-text-color\"><strong>Es reprobable que la rectora de la UACM y la Responsable General del CAMeNA sigan actuando con connivencia, dilatando la justicia, normalizando la opacidad, el nepotismo, el abuso de poder y refugiando a agresores como JOS\u00c9 LUIS GARC\u00cdA HERN\u00c1NDEZ en los espacios universitarios.<\/strong> Su deber \u00e9tico y moral es estar del lado de las v\u00edctimas, mas no de tolerar ni refugiar a agresores sexuales al interior de los espacios universitarios, sobre todo de representaci\u00f3n pol\u00edtica y de toma de decisiones como lo es Consejo Universitario, m\u00e1ximo \u00f3rgano de gobierno de la UACM donde el agresor denunciado representa al personal acad\u00e9mico del CAMeNA y del sector administrativo.<\/p>\n\n\n\n<p class=\"has-foreground-color has-text-color\"><strong>6.<\/strong> Reafirmamos que la violencia de g\u00e9nero no est\u00e1 exenta de presentarse en relaciones de pareja heterosexuales y de la diversidad sexual. De hecho, en las relaciones de pareja justamente donde m\u00e1s abusos, agresiones y violencias se presentan, siendo a veces m\u00e1s invisibles las violencias entre las parejas del sector de la diversidad sexual. Las expresiones de violencias machistas no son hechos aislados sino un problema estructural inherente al patriarcado. La violencia en el espacio escolar o laboral, entre dos personas que tengan una relaci\u00f3n sentimental, no es un problema de pareja: <strong>\u00a1ES VIOLENCIA! <\/strong>Esto nos lleva a revalidar que <a><strong>\u00a1TODO LO PERSONAL TAMBI\u00c9N ES POL\u00cdTICO<\/strong><\/a><strong>!<\/strong><\/p>\n\n\n\n<p class=\"has-foreground-color has-text-color\"><strong>7.<\/strong> Exigimos a las autoridades universitarias de la UNAM que tomen las medidas necesarias y urgentes para detener la violencia en el espacio de trabajo perpetrada contra el profesor <strong>Mart\u00edn L\u00f3pez Gallegos<\/strong>; asimismo, que velen porque se respeten y <strong>garanticen los derechos humanos y universitarios a fin de salvaguardar el desempe\u00f1o acad\u00e9mico,<\/strong> <strong>seguridad personal e integridad laboral, <strong>acad\u00e9mica<\/strong><\/strong>, <strong>emocional<\/strong>, <strong>f\u00edsica, ps\u00edquica y moral<\/strong> <strong>de nuestro compa\u00f1ero Mart\u00edn<\/strong>, v\u00edctima denunciante en alt\u00edsima situaci\u00f3n de riesgo y vulnerabilidad.<\/p>\n\n\n\n<p class=\"has-foreground-color has-text-color\"><strong>8.<\/strong> Expresamos nuestro total apoyo, solidaridad y empat\u00eda hacia el profesor <strong>MART\u00cdN L\u00d3PEZ GALLEGOS<\/strong>, v\u00edctima sobreviviente de LGBTIcidio tras esta escalonada multiplicidad de violencias machistas y patriarcales y tras las sistem\u00e1ticas amenazas de muerte, a quien le fueron vulnerados sus derechos a una vida digna y libre de violencias y sobre su propia vida. Nos pronunciamos contra las amenazas de muerte recibidas, mismas que lo obligaron a salir del pa\u00eds porque es un hecho que su vida est\u00e1 en riesgo. Denunciar a los generadores de violencia no tiene que ser, de ninguna manera, motivo para ser v\u00edctima de persecuci\u00f3n por razones de g\u00e9nero ni de persecuci\u00f3n pol\u00edtica ni de criminalizaci\u00f3n.<\/p>\n\n\n\n<p class=\"has-foreground-color has-text-color\"><strong>9.<\/strong> Por todo lo anterior, ante cualquier acto que atente contra la <strong>seguridad personal e <strong>integridad laboral, <strong>acad\u00e9mica<\/strong><\/strong>, <strong>emocional<\/strong>, <strong>f\u00edsica, ps\u00edquica y moral<\/strong><\/strong> de nuestro compa\u00f1ero Mart\u00edn, hacemos responsable a <strong>JOS\u00c9 LUIS GARC\u00cdA HERN\u00c1NDEZ Y A SUS FAMILIARES<\/strong>. El agresor denunciado es respaldado por familiares vinculados a las Fuerzas Armadas del Estado mexicano, cuerpos policiales y, por si fuera poco, coludidos con grupos paramilitares e involucrados en actos represi\u00f3n pol\u00edtica, presumibles cr\u00edmenes de lesa humanidad y violencia de Est<a>ado, y con antecedentes de feminicidio en su familia<\/a>.<\/p>\n\n\n\n<p><\/p>\n\n\n\n<figure class=\"wp-block-image size-large\"><img loading=\"lazy\" decoding=\"async\" width=\"1280\" height=\"960\" src=\"https:\/\/sittaunam19.files.wordpress.com\/2021\/09\/todxs-vs-el-acoso.-marcha-a-la-rectoria-cu-unam-14-nov-2019.-foto-especial-e29c94-1.jpeg?w=1024\" alt=\"\" class=\"wp-image-1554\" srcset=\"https:\/\/sittaunam.org\/wp-content\/uploads\/2021\/09\/todxs-vs-el-acoso.-marcha-a-la-rectoria-cu-unam-14-nov-2019.-foto-especial-e29c94-1.jpeg 1280w, https:\/\/sittaunam.org\/wp-content\/uploads\/2021\/09\/todxs-vs-el-acoso.-marcha-a-la-rectoria-cu-unam-14-nov-2019.-foto-especial-e29c94-1-300x225.jpeg 300w, https:\/\/sittaunam.org\/wp-content\/uploads\/2021\/09\/todxs-vs-el-acoso.-marcha-a-la-rectoria-cu-unam-14-nov-2019.-foto-especial-e29c94-1-1024x768.jpeg 1024w, https:\/\/sittaunam.org\/wp-content\/uploads\/2021\/09\/todxs-vs-el-acoso.-marcha-a-la-rectoria-cu-unam-14-nov-2019.-foto-especial-e29c94-1-768x576.jpeg 768w\" sizes=\"(max-width: 1280px) 100vw, 1280px\" \/><figcaption>Protestas en Ciudad Universitaria contra la violencia de g\u00e9nero en la UNAM. 14 de noviembre de 2019.  Foto: Itxaro Arteta.<\/figcaption><\/figure>\n\n\n\n<p><\/p>\n\n\n\n<p class=\"has-foreground-color has-text-color\"><strong>10.<\/strong> Manifestamos nuestro compromiso de fomentar el respeto, promover y garantizar la equidad de g\u00e9nero, <strong>erradicar la violencia de g\u00e9nero y velar por procesos de procuraci\u00f3n de justicia al interior del SITTAUNAM<\/strong>. Rechazamos toda manifestaci\u00f3n de violencias machistas, violencia de g\u00e9nero, violencia pol\u00edtica y todo tipo de agresiones al interior de nuestro espacio de trabajo sindical. No toleramos ni toleraremos ning\u00fan tipo de agresiones machistas en nuestro espacio de <a>organizaci\u00f3n <\/a>sindical. Seguimos y seguiremos luchando para ser congruentes con nuestros principios a fin de prevenir y erradicar la violencia de g\u00e9nero en todos los espacios universitarios, incluido nuestro sindicato.<\/p>\n\n\n\n<p class=\"has-foreground-color has-text-color\"><strong>11. El papel que deben tener los sindicatos<\/strong> de trabajadoras y trabajadores respecto a las<strong> denuncias de violencia de g\u00e9nero es atenderlas de forma clara, pronta, efectiva y urgente<\/strong>, as\u00ed como <strong>resolverlas<\/strong> y armonizar todos los contratos colectivos de trabajo conforme a las nuevas disposiciones y obligaciones que establece la Ley Federal del Trabajo en materia de prevenci\u00f3n, erradicaci\u00f3n y sanci\u00f3n de la violencia de g\u00e9nero.<strong> Nuestro deber como sindicatos <\/strong>es promover y garantizar estos derechos para <strong>frenar, sancionar y erradicar la violencia de g\u00e9nero al interior de nuestras organizaciones gremiales<\/strong> y de nuestras labores diarias de docencia e investigaci\u00f3n. <strong>Deseamos enfatizar que los derechos laborales de los agresores NO pueden NI deben estar por encima de los derechos de las v\u00edctimas denunciantes.<\/strong><\/p>\n\n\n\n<p class=\"has-foreground-color has-text-color\"><strong>12.<\/strong> Por todo lo anterior, exigimos a las autoridades universitarias no ser omisas ante los casos de violencia de g\u00e9nero.<\/p>\n\n\n\n<p class=\"has-foreground-color has-text-color\"><strong>12.1<\/strong> Exigimos a <strong>ENRIQUE GRAUE WIECHERS<\/strong>, Rector de la UNAM, y a las dem\u00e1s autoridades universitarias locales que resuelvan de forma eficaz e inmediata la denuncia presentada por nuestro compa\u00f1ero Mart\u00edn contra el profesor <strong>agresor<\/strong> <strong>JOS\u00c9 LUIS GARC\u00cdA HERN\u00c1NDEZ<\/strong>, sin tener que esperar a que finalice el confinamiento por la pandemia para emitir su fallo. No es suficiente proporcionar medidas de contenci\u00f3n, acompa\u00f1amiento y asesor\u00eda para el procedimiento penal y programas de apoyo psicoemocional a las v\u00edctimas denunciantes. No basta con ofrecer estos recursos de apoyo mientras los profesores <strong>denunciados sigan dando clases impunemente y sigan siendo un riesgo latente para m\u00e1s integrantes de la comunidad universitaria que pudieran ser presas de las violencias de estos AGRESORES ACTIVOS denunciados.<\/strong><\/p>\n\n\n\n<p><\/p>\n\n\n\n<figure class=\"wp-block-image size-large\"><img loading=\"lazy\" decoding=\"async\" width=\"701\" height=\"373\" src=\"https:\/\/sittaunam19.files.wordpress.com\/2021\/09\/protestas-en-la-unam.-foto-semmexico.jpg?w=701\" alt=\"\" class=\"wp-image-1541\" srcset=\"https:\/\/sittaunam.org\/wp-content\/uploads\/2021\/09\/protestas-en-la-unam.-foto-semmexico.jpg 701w, https:\/\/sittaunam.org\/wp-content\/uploads\/2021\/09\/protestas-en-la-unam.-foto-semmexico-300x160.jpg 300w\" sizes=\"(max-width: 701px) 100vw, 701px\" \/><figcaption>Protestas en Ciudad Universitaria contra la violencia de g\u00e9nero en la UNAM. 14 de noviembre de 2019. Foto: SemM\u00e9xico.<\/figcaption><\/figure>\n\n\n\n<p><\/p>\n\n\n\n<p class=\"has-foreground-color has-text-color\"><strong>12.2<\/strong> Al Pleno del <strong>VI<\/strong> <strong>Consejo Universitario<\/strong> de la <strong>Universidad Aut\u00f3noma de la Ciudad de M\u00e9xico<\/strong>, a <strong>TANIA HOGLA RODR\u00cdGUEZ MORA,<\/strong> Rectora de la UACM, y a <strong>BEATRIZ TORRES ABELAIRA<\/strong>, Responsable General del <em>Centro Acad\u00e9mico de la Memoria de Nuestra Am\u00e9rica<\/em>, <em>Colegio de Humanidades y Ciencias Sociales<\/em>, <strong>les exigimos cumplir las siguientes demandas:<\/strong><\/p>\n\n\n\n<div class=\"wp-block-group is-layout-flow wp-block-group-is-layout-flow\">\n<div class=\"wp-block-columns is-layout-flex wp-container-core-columns-is-layout-28f84493 wp-block-columns-is-layout-flex\">\n<div class=\"wp-block-column is-layout-flow wp-block-column-is-layout-flow\" style=\"flex-basis:100%;\">\n<blockquote class=\"wp-block-quote is-layout-flow wp-block-quote-is-layout-flow\"><p><strong>I. Que tomen postura<\/strong> y <strong>cartas en el asunto<\/strong> respecto a las violencias f\u00edsicas, sexuales, psicoemocionales y otras m\u00e1s perpetradas por el <strong>AGRESOR JOS\u00c9 LUIS GARC\u00cdA HERN\u00c1NDEZ <\/strong>al interior de sus instalaciones universitarias.<\/p><p><strong>II. Que<\/strong> <strong>cumplan con su obligaci\u00f3n de<\/strong> <strong>NO reproducir la discriminaci\u00f3n ni la violencia institucional<\/strong> contra las v\u00edctimas denunciantes de violaciones a sus derechos; que <strong>atiendan el caso<\/strong> y <strong>resuelvan la denuncia con perspectiva de g\u00e9nero<\/strong>; puesto que lejos de apoyar, motivar, dar acompa\u00f1amiento jur\u00eddico y psicoemocional y ser sensibles con las v\u00edctimas de la violencia de g\u00e9nero, lo que provocan con sus acciones omisas, parciales y conniventes con los agresores denunciados, es orillar a que las v\u00edctimas no denuncien ante instancias judiciales y universitarias por temor a ser discriminadas, revictimizadas y nuevamente violentadas por la instituci\u00f3n.<\/p><p><strong>III. Que se comporten a la altura <\/strong>de lo que significa estagrave situaci\u00f3n y<strong> que asuman con la debida responsabilidad esta denuncia realizada por la v\u00edctima estudiante<\/strong> contra el agresor responsable que, abusando de sus relaciones de poder, actualmente se refugia en sus espacios acad\u00e9micos-laborales y de representaci\u00f3n pol\u00edtico-acad\u00e9mica dentro del m\u00e1ximo \u00f3rgano de gobierno: <strong>el VI Consejo Universitario de la UACM<\/strong>.<\/p><p><strong>IV. Que<\/strong> <strong>cumplan CON SU DEBER y RESPONSABILIDADES como autoridades<\/strong> <strong>respecto a sancionar a los agresores<\/strong> <strong>denunciados y la violencia de g\u00e9nero cometida <\/strong>dentro y fuera de sus instalaciones universitarias.<strong> Su propia normatividad considera las denuncias p\u00fabicas y\/o formales de las v\u00edctimas como DENUNCIAS leg\u00edtimas.<\/strong> \u00bfPedirles que sean congruentes con su propio protocolo para sancionar a los agresores que cometen actos de violencia de g\u00e9nero, tal como lo ha expresado la v\u00edctima denunciante ante el Pleno del CU, es esto mucho pedir?<\/p><p><strong>V. Que cesen las violencias institucionales contra la v\u00edctima denunciante<\/strong>. Nos pronunciamos contra todo el espiral de violencias, amenazas de muerte, insultos LGBTIf\u00f3bicos, violencias homof\u00f3bicas, discursos de odio , actos de discriminaci\u00f3n y revictimizaci\u00f3n que derivaron en<strong> <a>violaciones a los derechos humanos al trato digno, a una vida libre de violencia, a la integridad y seguridad personal, a la educaci\u00f3n y al sano desarrollo integral<\/a><\/strong>, en agravio de nuestro compa\u00f1ero <strong>MART\u00cdN L\u00d3PEZ GALLEGOS<\/strong> durante el tiempo que dur\u00f3 su relaci\u00f3n con el agresor denunciado <strong>JOS\u00c9 LUIS GARC\u00cdA HERN\u00c1NDEZ<\/strong> y las violencias que se desencadenaron contra \u00e9l a partir de que decidi\u00f3 romper el silencio y denunciar p\u00fablica, formal y legalmente a su agresor.<\/p><p><strong>VI. Dar<\/strong> <strong>procuraci\u00f3n de justicia, garant\u00edas de NO repetici\u00f3n <\/strong>de estas conductas violentas<strong> y reparaci\u00f3n del da\u00f1o transformadora<\/strong> <strong>e<\/strong> <strong>integral a las violaciones de los derechos humanos y universitarios<\/strong> de la v\u00edctima denunciante.<\/p><p><strong>VII. Les exigimos<\/strong> <strong>NO encubrir agresores<\/strong>, de lo contrario, ante la opini\u00f3n p\u00fablica s\u00f3lo seguir\u00e1n reflejando la <strong>incongruencia pol\u00edtica y su doble discurso<\/strong> al exhibirse como espacios acad\u00e9micos y universitarios progresistas, pero en los hechos ser condescendientes y complacientes con los generadores de violencias patriarcales, con las formas de opresi\u00f3n y represi\u00f3n selectivas, as\u00ed como tolerantes con quienes practican las injusticias, esas que tanto dicen defender y darles voz.<\/p><p><strong>VIII. Que se comporten a la altura<\/strong> de lo que demanda el actual contexto de lucha universitaria por la erradicaci\u00f3n de todas las violencias machistas y patriarcales en los espacios acad\u00e9micos y universitarios. <strong>Darles la espalda a las v\u00edctimas denunciantes<\/strong> es terminar de demostrar que <strong>no existe voluntad pol\u00edtica para romper el pacto con el agresor denunciado. <\/strong>Dicen querer<strong> erradicar la violencia de g\u00e9nero, <\/strong>pero<strong> \u00bfrealmente <em>nada humano les es ajeno<\/em>?<\/strong><\/p><p><strong>IX.<\/strong> Por todo lo anterior, exigimos <strong>que las autoridades de la UACM realicen una disculpa p\u00fablica hacia nuestro compa\u00f1ero Mart\u00edn<\/strong>, estudiante de la UACM, <strong>debido a las omisiones, complicidades y violencia<\/strong> <strong>institucional<\/strong> y por <strong>ser condescendientes con las violencias denunciadas<\/strong>, las hostilidades, conductas abusivas, agresiones, amenazas de muerte, acciones de revictimizaci\u00f3n y faltas graves cometidas por el agresor implicado y sus encubridores contra la v\u00edctima denunciante. Estas <strong>violencias en escalada contra la v\u00edctima<\/strong> \u2013lejos de ser frenadas\u2013 <strong>fueron toleradas<\/strong> <strong>por las autoridades y por el m\u00e1ximo \u00f3rgano de gobierno universitario<\/strong>, aun sabiendo que los agresores que violentaron, ultrajaron y revictimizaron a la v\u00edctima son miembros del <strong>VI Consejo Universitario de la UACM.<\/strong><\/p><p><strong>X.<\/strong> Exigimos a las autoridades de la <strong>UACM<\/strong> respetar el testimonio de la v\u00edctima denunciante, frenar la sistem\u00e1tica violencia, las agresiones homo-machistas, el acoso, el hostigamiento y las amenazas de muerte hacia su persona, as\u00ed como los insultos homof\u00f3bicos y revictimizadores en su contra. Les exigimos que <strong>rompan<\/strong> el <strong>PACTO PATRIARCAL<\/strong> con el<strong> AGRESOR JOS\u00c9 LUIS GARC\u00cdA HERN\u00c1NDEZ.<\/strong><\/p><\/blockquote>\n\n\n\n<p><\/p>\n<\/div>\n<\/div>\n<\/div>\n\n\n\n<div class=\"wp-block-image\"><figure class=\"aligncenter size-large\"><a href=\"https:\/\/brigadaaltavoz.com\/organizaciones-sociales-condenan-violencia-de-genero-de-consejero-contra-estudiante-de-la-uacm\/\" target=\"_blank\" rel=\"noopener\"><img decoding=\"async\" src=\"https:\/\/sittaunam19.files.wordpress.com\/2021\/09\/portadadenunciamarticc81n.jpg.webp?w=1024\" alt=\"\" class=\"wp-image-1545\" \/><\/a><figcaption>Realmente &#8220;\u00bfNada humano me es ajeno?&#8221;, cartel de protestas virtuales de la comunidad universitaria para exigir que las autoridades de la UACM se pronuncien respecto a este caso de violencia de g\u00e9nero y rompan el pacto con el agresor denunciado Jos\u00e9 Luis Garc\u00eda Hern\u00e1ndez, quien a pesar de violar la normatividad universitaria contin\u00faa impunemente siendo miembro del Consejo Universitario VI Legislatura y del Centro Acad\u00e9mico de la Memoria de Nuestra Am\u00e9rica (CAMeNA), esto en un marco de omisiones y complicidades por parte de las autoridades de la UACM.<br><br>En el siguiente enlace se puede acceder al <a rel=\"noreferrer noopener\" href=\"https:\/\/brigadaaltavoz.com\/organizaciones-sociales-condenan-violencia-de-genero-de-consejero-contra-estudiante-de-la-uacm\/\" target=\"_blank\"><strong><em>Pronunciamiento para denunciar p\u00fablicamente la violencia f\u00edsica, sexual y otras violencias machistas ejercidas por JOS\u00c9 LUIS GARC\u00cdA HERN\u00c1NDEZ, profesor de la UNAM, miembro del Consejo Universitario y del CAMeNA-UACM, en contra de MART\u00cdN L\u00d3PEZ GALLEGOS, compa\u00f1ero estudiante y docente comprometido con las luchas sociales<\/em><\/strong><\/a><a href=\"https:\/\/brigadaaltavoz.com\/organizaciones-sociales-condenan-violencia-de-genero-de-consejero-contra-estudiante-de-la-uacm\/\" target=\"_blank\" rel=\"noreferrer noopener\">.<\/a><br><br>Imagen: Brigada Informativa Alta Voz y organizaciones pol\u00edticas y defensoras de Derechos Humanos contra la violencia patriarcal, 22 de junio de 2021.<\/figcaption><\/figure><\/div>\n\n\n\n<p><\/p>\n\n\n\n<p class=\"has-foreground-color has-text-color\">Finalmente, deseamos comunicar que por parte del SITTAUNAM <strong>ponemos a disposici\u00f3n del profesor afectado \u2013Mart\u00edn L\u00f3pez Gallegos\u2013 todos los mecanismos de asesor\u00eda, asistencia y representaci\u00f3n legal y jur\u00eddica<\/strong> para dar seguimiento al caso hasta agotar todos los mecanismos legales para coadyuvar en la procuraci\u00f3n de <strong>justicia <\/strong>en todos los niveles y lograr la <strong>reparaci\u00f3n integral del da\u00f1o causado hacia su persona.<\/strong> <strong>Velaremos y lucharemos con \u00e9l para que no prevalezca la impunidad ni la violencia institucional <\/strong>contra nuestro compa\u00f1ero sindicalizado.<\/p>\n\n\n\n<p class=\"has-foreground-color has-text-color\"><a>Exigimos a todas las autoridades universitarias que <strong>ROMPAN EL PACTO PATRIARCAL con el AGRESOR JOS\u00c9 LUIS GARC\u00cdA HERN\u00c1NDEZ <\/strong>y no refugiar m\u00e1s a \u00e9ste y a TODOS LOS AGRESORES denunciados. \u00a1RESUELVAN YA!<strong> \u00bfEs realmente mucho pedir?<\/strong><\/a><\/p>\n\n\n\n<p style=\"line-height:2;\"><strong>ROMPER EL PACTO CON LOS AGRESORES es fundamental para construir espacios seguros sin la permanente amenaza de que se repitan y se normalicen las violencias perpetradas al interior de los espacios universitarios.<\/strong><\/p>\n\n\n\n<p><\/p>\n\n\n\n<p><\/p>\n\n\n\n<div class=\"wp-block-group is-layout-flow wp-block-group-is-layout-flow\">\n<figure class=\"wp-block-image size-large is-style-default\"><img loading=\"lazy\" decoding=\"async\" width=\"1024\" height=\"526\" src=\"https:\/\/sittaunam19.files.wordpress.com\/2021\/09\/fuera-machos-de-la-unam.-maria-fernanda-ruiz-y-archivo-historico-de-la-unam.png?w=1024\" alt=\"\" class=\"wp-image-1543\" srcset=\"https:\/\/sittaunam.org\/wp-content\/uploads\/2021\/09\/fuera-machos-de-la-unam.-maria-fernanda-ruiz-y-archivo-historico-de-la-unam.png 1024w, https:\/\/sittaunam.org\/wp-content\/uploads\/2021\/09\/fuera-machos-de-la-unam.-maria-fernanda-ruiz-y-archivo-historico-de-la-unam-300x154.png 300w, https:\/\/sittaunam.org\/wp-content\/uploads\/2021\/09\/fuera-machos-de-la-unam.-maria-fernanda-ruiz-y-archivo-historico-de-la-unam-768x395.png 768w\" sizes=\"(max-width: 1024px) 100vw, 1024px\" \/><figcaption>&#8220;Fuera Machos de la UNAM&#8221;. Exigencia de estudiantes durante marcha de protesta contra la violencia de g\u00e9nero dirigida a la Rector\u00eda de la UNAM. Foto: Mar\u00eda Fernanda Ru\u00edz y Archivo hist\u00f3rico de la UNAM.<\/figcaption><\/figure>\n<\/div>\n\n\n\n<p class=\"has-text-align-center\"><strong>\u00a1ROMPE EL PACTO!<\/strong><\/p>\n\n\n\n<p class=\"has-text-align-center\"><strong>\u00a1MART\u00cdN, NO EST\u00c1S SOLO!<\/strong><\/p>\n\n\n\n<p class=\"has-text-align-center\"><strong>\u00a1TU LUCHA TAMBI\u00c9N ES NUESTRA!<\/strong><\/p>\n\n\n\n<p class=\"has-text-align-center\"><strong>\u00a1NINGUNA AGRESI\u00d3N SIN RESPUESTA!<\/strong><\/p>\n\n\n\n<p class=\"has-text-align-center\"><strong>\u00a1JUSTICIA PARA MART\u00cdN L\u00d3PEZ GALLEGOS!<\/strong><\/p>\n\n\n\n<p class=\"has-text-align-center\"><strong>\u00a1BASTA DE ENCUBRIR A LOS AGRESORES SEXUALES!<\/strong><\/p>\n\n\n\n<p class=\"has-text-align-center\"><strong>\u00a1POR ESPACIOS UNIVERSITARIOS LIBRES DE AGRESORES!<\/strong><\/p>\n\n\n\n<p class=\"has-text-align-center\"><strong>\u00a1POR AMBIENTES LIBRES DE VIOLENCIA EN LAS UNIVERSIDADES!<\/strong><\/p>\n\n\n\n<p class=\"has-text-align-center\"><strong>\u00a1FUERA AGRESORES DE LOS ESPACIOS ACAD\u00c9MICOS Y UNIVERSITARIOS!<\/strong><\/p>\n\n\n\n<p class=\"has-text-align-center\"><strong>\u00a1CERO TOLERANCIA CON LOS AGRESORES EN NUESTRAS UNIVERSIDADES!<\/strong><\/p>\n\n\n\n<p class=\"has-text-align-center\"><strong>\u00a1CASTIGO PARA LOS AGRESORES SEXUALES, VIOLADORES Y VIOLENTADORES!<\/strong><\/p>\n\n\n\n<p class=\"has-text-align-center\"><strong>\u00a1POR UNA VIDA DIGNA Y LIBRE DE VIOLENCIAS EN LOS ESPACIOS UNIVERSITARIOS!<\/strong><\/p>\n\n\n\n<p class=\"has-text-align-center\"><strong>\u00a1POR UNIVERSIDADES LIBRES DE AGRESIONES, VIOLENCIAS MACHISTAS Y PATRIARCALES!<\/strong><\/p>\n\n\n\n<p class=\"has-text-align-center\"><strong>\u00a1NO M\u00c1S VIOLENCIA DE G\u00c9NERO, SIMB\u00d3LICA E INSTITUCIONAL EN NUESTRAS UNIVERSIDADES!<\/strong><\/p>\n\n\n\n<p><\/p>\n\n\n\n<figure class=\"wp-block-image size-large\"><img loading=\"lazy\" decoding=\"async\" width=\"800\" height=\"600\" src=\"https:\/\/sittaunam19.files.wordpress.com\/2021\/09\/protestas-en-la-unam-contra-la-vdg.jpeg?w=800\" alt=\"\" class=\"wp-image-1539\" srcset=\"https:\/\/sittaunam.org\/wp-content\/uploads\/2021\/09\/protestas-en-la-unam-contra-la-vdg.jpeg 800w, https:\/\/sittaunam.org\/wp-content\/uploads\/2021\/09\/protestas-en-la-unam-contra-la-vdg-300x225.jpeg 300w, https:\/\/sittaunam.org\/wp-content\/uploads\/2021\/09\/protestas-en-la-unam-contra-la-vdg-768x576.jpeg 768w\" sizes=\"(max-width: 800px) 100vw, 800px\" \/><figcaption>Protestas en la UNAM contra la violencia de g\u00e9nero. Foto: Especial.<\/figcaption><\/figure>\n\n\n\n<p><\/p>\n\n\n\n<p class=\"has-text-align-center\"><strong>\u00a1POR LA DIGNIFICACI\u00d3N DEL TRABAJO ACAD\u00c9MICO Y LA DEMOCRATIZACI\u00d3N DE LA UNAM!<\/strong><\/p>\n\n\n\n<h3 class=\"has-text-align-center wp-block-heading\" id=\"sindicato-independiente-de-trabajadoras-y-trabajadores-academicos-de-la-unam\"><strong>SINDICATO INDEPENDIENTE DE TRABAJADORAS Y TRABAJADORES ACAD\u00c9MICOS DE LA UNAM<\/strong><\/h3>\n\n\n\n<h2 class=\"alignwide has-text-align-center wp-block-heading\" id=\"sittaunam\"><strong>SITTAUNAM<\/strong><\/h2>\n\n\n\n<p class=\"has-text-align-center\">Ciudad Universitaria, Ciudad de M\u00e9xico, a 13 de septiembre de 2021.<\/p>\n\n\n\n<div class=\"wp-block-image\"><figure class=\"aligncenter size-large is-resized\"><img loading=\"lazy\" decoding=\"async\" src=\"https:\/\/sittaunam19.files.wordpress.com\/2020\/02\/cropped-img-20200220-wa0036-2.jpg?w=512\" alt=\"\" class=\"wp-image-954\" width=\"173\" height=\"173\" \/><\/figure><\/div>\n\n\n\n<p><\/p>\n","protected":false},"excerpt":{"rendered":"<p>Publicado por SITTAUNAM&nbsp;Sep 13, 2021&nbsp;|&nbsp;Denuncias,&nbsp;Especiales, Pronunciamientos Considerando que&nbsp;toda persona tiene derecho a la vida, a la libertad y a la seguridad de su persona, que nadie ser\u00e1 objeto de injerencias arbitrarias en su vida privada, su familia, su domicilio o su correspondencia, y que&nbsp;nadie ser\u00e1 sometido a torturas ni a penas o tratos crueles, inhumanos o degradantes, tal como lo establece la Declaraci\u00f3n Universal de los Derechos Humanos, dirigimos el presente pronunciamiento a la poblaci\u00f3n en general y, en particular, a las siguientes autoridades e instancias universitarias: A la comunidad universitaria de la UNAM, de la UACM y de otras instituciones educativas A la Rector\u00eda de la Universidad Nacional Aut\u00f3noma de M\u00e9xico (UNAM) A la Rector\u00eda de la Universidad Aut\u00f3noma de la Ciudad de M\u00e9xico (UACM) Al Consejo Universitario VI Legislatura de la Universidad Aut\u00f3noma de la Ciudad de M\u00e9xico A la Responsable General del Centro Acad\u00e9mico de la Memoria de Nuestra Am\u00e9rica (CAMeNA) de la UACM A la Defensor\u00eda de los Derechos Universitarios, Igualdad y Atenci\u00f3n de la Violencia de G\u00e9nero de la UNAM A la Defensor\u00eda de los Derechos Universitarios, a la Unidad de G\u00e9nero de la UACM y a las instancias que atienden los casos de Violencia de G\u00e9nero en la UACM A las y los integrantes del Centro Acad\u00e9mico de la Memoria de Nuestra Am\u00e9rica (CAMeNA) de la UACM Al Colegio de Humanidades y Ciencias Sociales de la UACM A la Facultad de Ciencias Pol\u00edticas y Sociales de la UNAM A la Facultad de Filosof\u00eda y Letras de la UNAM Las pr\u00e1cticas de la violencia machista cohabitan en las instituciones educativas, a pesar de la implementaci\u00f3n de protocolos contra la violencia de g\u00e9nero. En a\u00f1os recientes, las universitarias y los universitarios hemos alzado la voz contra el acoso, el hostigamiento y las violencias patriarcales. Nos hemos organizado para enfrentar las violencias machistas y erradicar la violencia de g\u00e9nero en los espacios universitarios. Derivado de estas luchas universitarias, sobre todo de las mujeres organizadas, en la UNAM la violencia de g\u00e9nero ya es considerada causa especialmente grave de responsabilidad. Desde su creaci\u00f3n, nuestro sindicato se ha pronunciado contra la violencia de g\u00e9nero y ha determinado que las agresiones f\u00edsicas, psicol\u00f3gicas y sexuales ejercidas por cualquier integrante de nuestro gremio contra cualquier miembro\/a de la comunidad universitaria son causas graves de responsabilidad \u00e9tica y de respeto, las cuales ameritan ser sancionadas mediante la expulsi\u00f3n de nuestra organizaci\u00f3n sindical. Lamentablemente, no estamos exentas ni exentos de padecer las violencias machistas\/patriarcales en nuestros espacios de trabajo docente. En esta ocasi\u00f3n, uno de nuestros agremiados, el profesor universitario MART\u00cdN L\u00d3PEZ GALLEGOS, ha sido v\u00edctima directa de violencias y agresiones f\u00edsicas, sexuales y psico-emocionales ocurridas dentro y fuera de los espacios universitarios; as\u00ed como de violencias verbales, psicol\u00f3gicas, simb\u00f3licas, digitales, econ\u00f3micas y patrimoniales; acoso, hostigamiento pol\u00edtico-sexual, amenazas de muerte, entre otras violencias por parte del agresor JOS\u00c9 LUIS GARC\u00cdA HERN\u00c1NDEZ, profesor de la Facultad de Ciencias Pol\u00edticas y Sociales de la UNAM e integrante de nuestro sindicato (en proceso de afiliaci\u00f3n),quien inmediatamente fue separado del SITTAUNAM el d\u00eda 09 de diciembre de 2020 tras ser denunciado por cometer actos de violencia de g\u00e9nero contra nuestro compa\u00f1ero MART\u00cdN L\u00d3PEZ GALLEGOS. La decisi\u00f3n de separarlo del SITTAUNAM fue para parte de una medida precautoria, con base en la solicitud expresa de las profesoras afiliadas y los profesores afiliados dirigida a la Coordinaci\u00f3n Colegiada y de la Secretar\u00eda General del SITTAUNAM, con el fin de evitar que el agresor denunciado tuviera contacto con su v\u00edctima directa mientras se emit\u00eda una resoluci\u00f3n final sobre la responsabilidad y, en su caso, la respectiva sanci\u00f3n aplicable para el profesor denunciado. Al respecto, deseamos manifestar lo siguiente: 1. De acuerdo con el Instituto de Investigaciones Sociales de la UNAM, la violencia contra las mujeres se increment\u00f3 notoriamente a partir del confinamiento desde abril del 2020, y en ese mismo periodo la violencia de g\u00e9nero increment\u00f3 en un 26%; las medidas de aislamiento y confinamiento dictadas frente a la pandemia producida por el SARS-COV2 est\u00e1 teniendo repercusiones tales como: mayores niveles de estr\u00e9s, aumento de agresiones para intimidar o degradar a mujeres y ni\u00f1as, aumento de violencia contra grupos vulnerables como lo es el sector de la comunidad sexogen\u00e9rica LGBTTTIQ+ y, de esta forma, han sido vulnerados sus derechos de vivir una vida libre de violencia y a la seguridad e integridad personal, entre otros. 2. Nuestro compa\u00f1ero MART\u00cdN L\u00d3PEZ GALLEGOS, profesor de la UNAM,ha sido acosado, agredido y violentado de forma sistem\u00e1tica, adem\u00e1s de ser amenazado de muerte debido a su decisi\u00f3n de separarse de la relaci\u00f3n de pareja que manten\u00eda con su agresor, contra quien ha decidido iniciar un proceso de denuncia, de manera legal, lo que lo hace todav\u00eda m\u00e1s vulnerable por las siguientes razones: por ser v\u00edctima de sistem\u00e1ticas agresiones por parte del violentador denunciado, por su propia condici\u00f3n de g\u00e9nero y orientaci\u00f3n sexual al pertenecer al sector de la comunidad LGBTTTIQ+, hist\u00f3ricamente vulnerado; y por ser una v\u00edctima denunciante que en un pa\u00eds como el nuestro significa un mayor riesgo de vulnerabilidad para las v\u00edctimas que denuncian. 3. La violencia contra nuestro compa\u00f1ero Mart\u00edn inici\u00f3 hace poco m\u00e1s de cinco a\u00f1os, la cual se manifest\u00f3 dentro de los espacios universitarios en la UNAM; la violencia escal\u00f3 a agresiones f\u00edsicas, sexuales y psicoemocionales perpetradas, en repetidas ocasiones, al interior de las instalaciones de la FCPyS y del Centro Acad\u00e9mico de la Memoria de Nuestra Am\u00e9rica (CAMeNA) en la Universidad Aut\u00f3noma de la Ciudad de M\u00e9xico (UACM). La ruptura ha desembocado en amenazas de muerte hacia el profesor Mart\u00edn y hacia sus familiares, por parte del agresor y de sus familiares que, seg\u00fan fuentes documentales e historiogr\u00e1ficas, estos tienen antecedentes de colaboraci\u00f3n con grupos paramilitares; todo ello en un clima de omisi\u00f3n por parte de las autoridades de la UACM y del CAMeNA para frenar la violencia y el hostigamiento hacia nuestro compa\u00f1ero denunciante. Mart\u00edn es tambi\u00e9n estudiante de la UACM y, por tanto, un miembro de la comunidad universitaria a quien hoy ignoran y violentan<\/p>\n","protected":false},"author":1,"featured_media":1564,"comment_status":"open","ping_status":"open","sticky":false,"template":"","format":"standard","meta":{"site-sidebar-layout":"default","site-content-layout":"","ast-site-content-layout":"default","site-content-style":"default","site-sidebar-style":"default","ast-global-header-display":"","ast-banner-title-visibility":"","ast-main-header-display":"","ast-hfb-above-header-display":"","ast-hfb-below-header-display":"","ast-hfb-mobile-header-display":"","site-post-title":"","ast-breadcrumbs-content":"","ast-featured-img":"","footer-sml-layout":"","ast-disable-related-posts":"","theme-transparent-header-meta":"","adv-header-id-meta":"","stick-header-meta":"","header-above-stick-meta":"","header-main-stick-meta":"","header-below-stick-meta":"","astra-migrate-meta-layouts":"default","ast-page-background-enabled":"default","ast-page-background-meta":{"desktop":{"background-color":"var(--ast-global-color-5)","background-image":"","background-repeat":"repeat","background-position":"center center","background-size":"auto","background-attachment":"scroll","background-type":"","background-media":"","overlay-type":"","overlay-color":"","overlay-opacity":"","overlay-gradient":""},"tablet":{"background-color":"","background-image":"","background-repeat":"repeat","background-position":"center center","background-size":"auto","background-attachment":"scroll","background-type":"","background-media":"","overlay-type":"","overlay-color":"","overlay-opacity":"","overlay-gradient":""},"mobile":{"background-color":"","background-image":"","background-repeat":"repeat","background-position":"center center","background-size":"auto","background-attachment":"scroll","background-type":"","background-media":"","overlay-type":"","overlay-color":"","overlay-opacity":"","overlay-gradient":""}},"ast-content-background-meta":{"desktop":{"background-color":"var(--ast-global-color-4)","background-image":"","background-repeat":"repeat","background-position":"center center","background-size":"auto","background-attachment":"scroll","background-type":"","background-media":"","overlay-type":"","overlay-color":"","overlay-opacity":"","overlay-gradient":""},"tablet":{"background-color":"var(--ast-global-color-4)","background-image":"","background-repeat":"repeat","background-position":"center center","background-size":"auto","background-attachment":"scroll","background-type":"","background-media":"","overlay-type":"","overlay-color":"","overlay-opacity":"","overlay-gradient":""},"mobile":{"background-color":"var(--ast-global-color-4)","background-image":"","background-repeat":"repeat","background-position":"center center","background-size":"auto","background-attachment":"scroll","background-type":"","background-media":"","overlay-type":"","overlay-color":"","overlay-opacity":"","overlay-gradient":""}},"footnotes":""},"categories":[3,4,5,6],"tags":[7,8,9,10,11,12,13,15],"class_list":["post-1501","post","type-post","status-publish","format-standard","has-post-thumbnail","hentry","category-comunidad-sexogenerica-lgbtttiqa","category-posicionamientos-con-perspectiva-de-genero","category-posicionamientos-solidarios","category-violencia-de-genero","tag-agresores-sexuales","tag-agresores-universitarios","tag-disidencias-sexuales","tag-diversidad-sexogenerica-lgbt","tag-lgbt","tag-lgbtttiq","tag-movimiento-lgbtttiq","tag-violencia-intragenero"],"_links":{"self":[{"href":"https:\/\/sittaunam.org\/index.php\/wp-json\/wp\/v2\/posts\/1501","targetHints":{"allow":["GET"]}}],"collection":[{"href":"https:\/\/sittaunam.org\/index.php\/wp-json\/wp\/v2\/posts"}],"about":[{"href":"https:\/\/sittaunam.org\/index.php\/wp-json\/wp\/v2\/types\/post"}],"author":[{"embeddable":true,"href":"https:\/\/sittaunam.org\/index.php\/wp-json\/wp\/v2\/users\/1"}],"replies":[{"embeddable":true,"href":"https:\/\/sittaunam.org\/index.php\/wp-json\/wp\/v2\/comments?post=1501"}],"version-history":[{"count":0,"href":"https:\/\/sittaunam.org\/index.php\/wp-json\/wp\/v2\/posts\/1501\/revisions"}],"wp:featuredmedia":[{"embeddable":true,"href":"https:\/\/sittaunam.org\/index.php\/wp-json\/wp\/v2\/media\/1564"}],"wp:attachment":[{"href":"https:\/\/sittaunam.org\/index.php\/wp-json\/wp\/v2\/media?parent=1501"}],"wp:term":[{"taxonomy":"category","embeddable":true,"href":"https:\/\/sittaunam.org\/index.php\/wp-json\/wp\/v2\/categories?post=1501"},{"taxonomy":"post_tag","embeddable":true,"href":"https:\/\/sittaunam.org\/index.php\/wp-json\/wp\/v2\/tags?post=1501"}],"curies":[{"name":"wp","href":"https:\/\/api.w.org\/{rel}","templated":true}]}}