{"id":156,"date":"2019-09-13T03:34:07","date_gmt":"2019-09-13T03:34:07","guid":{"rendered":"https:\/\/sittaunam19.wordpress.com\/?p=156"},"modified":"2019-09-13T03:34:07","modified_gmt":"2019-09-13T03:34:07","slug":"el-istmo-es-nuestro","status":"publish","type":"post","link":"https:\/\/sittaunam.org\/index.php\/2019\/09\/13\/el-istmo-es-nuestro\/","title":{"rendered":"El Istmo es nuestro"},"content":{"rendered":"\n<p> El modelo de desarrollo que prevalece en la actualidad ha provocado una crisis de la civilizaci\u00f3n, la cual se ve reflejada en una degradaci\u00f3n social y ambiental. Lo que preocupa profundamente es que ese modelo nos est\u00e9 llevando a un punto de no retorno, por ello consideramos importante analizar y ser cr\u00edticos hacia los proyectos que no aseguran un desarrollo sostenible. <\/p>\n\n\n\n<p>Les invitamos a leer la siguiente cr\u00f3nica<\/p>\n\n\n\n<figure class=\"wp-block-embed is-type-wp-embed is-provider-incrustado wp-block-embed-incrustado\"><div class=\"wp-block-embed__wrapper\">\n<blockquote class=\"wp-embedded-content\" data-secret=\"FVTHuRg8Ng\"><a href=\"https:\/\/piedepagina.mx\/comunidades-indigenas-hacen-bloque-contra-proyecto-transistmico\/\">Comunidades ind\u00edgenas hacen bloque contra proyecto trans\u00edstmico<\/a><\/blockquote><iframe class=\"wp-embedded-content\" sandbox=\"allow-scripts\" security=\"restricted\" style=\"position: absolute; visibility: hidden;\" title=\"\u00abComunidades ind\u00edgenas hacen bloque contra proyecto trans\u00edstmico\u00bb \u2014 Pie de P\u00e1gina\" src=\"https:\/\/piedepagina.mx\/comunidades-indigenas-hacen-bloque-contra-proyecto-transistmico\/embed\/#?secret=EwcvjgQIvB#?secret=FVTHuRg8Ng\" data-secret=\"FVTHuRg8Ng\" width=\"500\" height=\"282\" frameborder=\"0\" marginwidth=\"0\" marginheight=\"0\" scrolling=\"no\"><\/iframe>\n<\/div><\/figure>\n","protected":false},"excerpt":{"rendered":"<p>El modelo de desarrollo que prevalece en la actualidad ha provocado una crisis de la civilizaci\u00f3n, la cual se ve reflejada en una degradaci\u00f3n social y ambiental. Lo que preocupa profundamente es que ese modelo nos est\u00e9 llevando a un punto de no retorno, por ello consideramos importante analizar y ser cr\u00edticos hacia los proyectos que no aseguran un desarrollo sostenible. Les invitamos a leer la siguiente cr\u00f3nica<\/p>\n","protected":false},"author":1,"featured_media":0,"comment_status":"open","ping_status":"open","sticky":false,"template":"","format":"standard","meta":{"site-sidebar-layout":"default","site-content-layout":"","ast-site-content-layout":"default","site-content-style":"default","site-sidebar-style":"default","ast-global-header-display":"","ast-banner-title-visibility":"","ast-main-header-display":"","ast-hfb-above-header-display":"","ast-hfb-below-header-display":"","ast-hfb-mobile-header-display":"","site-post-title":"","ast-breadcrumbs-content":"","ast-featured-img":"","footer-sml-layout":"","ast-disable-related-posts":"","theme-transparent-header-meta":"","adv-header-id-meta":"","stick-header-meta":"","header-above-stick-meta":"","header-main-stick-meta":"","header-below-stick-meta":"","astra-migrate-meta-layouts":"default","ast-page-background-enabled":"default","ast-page-background-meta":{"desktop":{"background-color":"var(--ast-global-color-5)","background-image":"","background-repeat":"repeat","background-position":"center center","background-size":"auto","background-attachment":"scroll","background-type":"","background-media":"","overlay-type":"","overlay-color":"","overlay-opacity":"","overlay-gradient":""},"tablet":{"background-color":"","background-image":"","background-repeat":"repeat","background-position":"center center","background-size":"auto","background-attachment":"scroll","background-type":"","background-media":"","overlay-type":"","overlay-color":"","overlay-opacity":"","overlay-gradient":""},"mobile":{"background-color":"","background-image":"","background-repeat":"repeat","background-position":"center center","background-size":"auto","background-attachment":"scroll","background-type":"","background-media":"","overlay-type":"","overlay-color":"","overlay-opacity":"","overlay-gradient":""}},"ast-content-background-meta":{"desktop":{"background-color":"var(--ast-global-color-4)","background-image":"","background-repeat":"repeat","background-position":"center center","background-size":"auto","background-attachment":"scroll","background-type":"","background-media":"","overlay-type":"","overlay-color":"","overlay-opacity":"","overlay-gradient":""},"tablet":{"background-color":"var(--ast-global-color-4)","background-image":"","background-repeat":"repeat","background-position":"center center","background-size":"auto","background-attachment":"scroll","background-type":"","background-media":"","overlay-type":"","overlay-color":"","overlay-opacity":"","overlay-gradient":""},"mobile":{"background-color":"var(--ast-global-color-4)","background-image":"","background-repeat":"repeat","background-position":"center center","background-size":"auto","background-attachment":"scroll","background-type":"","background-media":"","overlay-type":"","overlay-color":"","overlay-opacity":"","overlay-gradient":""}},"footnotes":""},"categories":[5],"tags":[],"class_list":["post-156","post","type-post","status-publish","format-standard","hentry","category-posicionamientos-solidarios"],"_links":{"self":[{"href":"https:\/\/sittaunam.org\/index.php\/wp-json\/wp\/v2\/posts\/156","targetHints":{"allow":["GET"]}}],"collection":[{"href":"https:\/\/sittaunam.org\/index.php\/wp-json\/wp\/v2\/posts"}],"about":[{"href":"https:\/\/sittaunam.org\/index.php\/wp-json\/wp\/v2\/types\/post"}],"author":[{"embeddable":true,"href":"https:\/\/sittaunam.org\/index.php\/wp-json\/wp\/v2\/users\/1"}],"replies":[{"embeddable":true,"href":"https:\/\/sittaunam.org\/index.php\/wp-json\/wp\/v2\/comments?post=156"}],"version-history":[{"count":0,"href":"https:\/\/sittaunam.org\/index.php\/wp-json\/wp\/v2\/posts\/156\/revisions"}],"wp:attachment":[{"href":"https:\/\/sittaunam.org\/index.php\/wp-json\/wp\/v2\/media?parent=156"}],"wp:term":[{"taxonomy":"category","embeddable":true,"href":"https:\/\/sittaunam.org\/index.php\/wp-json\/wp\/v2\/categories?post=156"},{"taxonomy":"post_tag","embeddable":true,"href":"https:\/\/sittaunam.org\/index.php\/wp-json\/wp\/v2\/tags?post=156"}],"curies":[{"name":"wp","href":"https:\/\/api.w.org\/{rel}","templated":true}]}}