{"id":1579,"date":"2021-09-28T05:37:14","date_gmt":"2021-09-28T05:37:14","guid":{"rendered":"https:\/\/sittaunam19.wordpress.com\/?p=1579"},"modified":"2021-09-28T05:37:14","modified_gmt":"2021-09-28T05:37:14","slug":"pronunciamiento-respecto-a-la-declaracion-del-rector-de-la-unam-sobre-las-cientificas-y-cientificos-relacionados-con-presuntos-manejos-en-perjuicio-del-erario","status":"publish","type":"post","link":"https:\/\/sittaunam.org\/index.php\/2021\/09\/28\/pronunciamiento-respecto-a-la-declaracion-del-rector-de-la-unam-sobre-las-cientificas-y-cientificos-relacionados-con-presuntos-manejos-en-perjuicio-del-erario\/","title":{"rendered":"Pronunciamiento respecto a la declaraci\u00f3n del Rector de la UNAM sobre las cient\u00edficas y cient\u00edficos relacionados con presuntos manejos en perjuicio del erario"},"content":{"rendered":"\n<p class=\"has-text-align-center\">El Sindicato Independiente de Trabajadoras y Trabajadores Acad\u00e9micos de la UNAM, SITTAUNAM emite el siguiente:<strong><\/strong><\/p>\n\n\n\n<p class=\"has-text-align-center\"><strong>Pronunciamiento respecto a la declaraci\u00f3n del Rector de la UNAM sobre las cient\u00edficas y cient\u00edficos relacionados con presuntos manejos en perjuicio del erario<\/strong><\/p>\n\n\n\n<p>El pasado 22 de septiembre, el Rector de la UNAM, declar\u00f3 que fue una \u201cacusaci\u00f3n inconcebible\u201d la investigaci\u00f3n de la Fiscal\u00eda General de la Rep\u00fablica (FGR) contra 31 acad\u00e9micos del Conacyt por presuntos malos manejos. Dicha investigaci\u00f3n surge a ra\u00edz de asignaciones directas millonarias a favor del Foro Consultivo, Cient\u00edfico y Tecnol\u00f3gico A. C. (FCCyT) desde distintos fideicomisos del Conacyt. Al respecto, como docentes de la UNAM, <strong>nos deslindamos de lo declarado por el Rector debido a que<\/strong>:<\/p>\n\n\n\n<p>1.- Se asume \u00e9l como la voz que representa todas las voces de la Universidad, cuando su declaraci\u00f3n emerge desde una postura personal, dado que no se hizo el ejercicio de escuchar e integrar una propuesta colectiva de declaraci\u00f3n.<\/p>\n\n\n\n<p>2.- En su discurso plantea que hay una acusaci\u00f3n en contra de cient\u00edficos, cuando lo que se est\u00e1 haciendo es una investigaci\u00f3n por parte de la Fiscal\u00eda -derivada de una denuncia-, acerca de personas con un presunto v\u00ednculo con manejo inadecuado de recursos p\u00fablicos, no por su propia tarea o tema de investigaci\u00f3n<\/p>\n\n\n\n<p>3.- Asume que el quehacer cient\u00edfico est\u00e1 exento de actos de corrupci\u00f3n, cuando ya se ha evidenciado, en otros casos, que cient\u00edficas y cient\u00edficos en las universidades se han visto inmersos en plagios o en manejos inadecuados de los recursos, como sucedi\u00f3 con la llamada \u201cEstafa Maestra\u201d o bien como ha sucedido con el manejo del equipo de futbol \u201cPumas\u201d el cual se beneficia de las instalaciones e imagen de la UNAM, sin embargo es un equipo perteneciente a una AC, cuyos integrantes son personas de la burocracia dorada de la UNAM.<\/p>\n\n\n\n<p>4.- A ra\u00edz de tales declaraciones han surgido mensajes discriminatorios y clasistas tales como \u201cla comunidad cient\u00edfica no puede comer en fondas\u201d, lo cual quebranta la esencia humanista de la Universidad, cuyas instalaciones y presupuesto provienen del erario p\u00fablico.<\/p>\n\n\n\n<p>5.- Extra\u00f1a tambi\u00e9n la celeridad en su dicho y vehemencia en el apoyo, as\u00ed como el expresarlo en un espacio p\u00fablico que no estaba preparado para tal fin, cuando en la UNAM se presentan situaciones internas muy complejas que a\u00fan se encuentran sin soluci\u00f3n. Recientemente se exterioriz\u00f3 una problem\u00e1tica que ata\u00f1e a cerca del 75% de la comunidad docente debido a la precarizaci\u00f3n e irregularidades en los pagos, ante lo cual la figura del Rector ha estado ausente y cerrada a una posible interlocuci\u00f3n, incluso en el momento en el que m\u00e1s se necesitaba que se solucionaran dichos problemas.&nbsp;<\/p>\n\n\n\n<p>En este contexto, docentes afiliadas y afiliados al SITTAUNAM reiteramos uno de nuestros principios sindicales que es el de: <em>Fomentar la Educaci\u00f3n&nbsp; p\u00fablica,&nbsp; gratuita,&nbsp; laica,&nbsp; cr\u00edtica,&nbsp; cient\u00edfica, ambiental,&nbsp; humanista,&nbsp; art\u00edstica&nbsp; y deportiva<\/em>, para lo cual se requiere un actuar y hacer actuar con transparencia y \u00e9tica a cada integrante de la comunidad universitaria.<\/p>\n\n\n\n<p class=\"has-text-align-center\"><strong>\u00a1Por la dignificaci\u00f3n del trabajo acad\u00e9mico y por la democratizaci\u00f3n de la UNAM!<\/strong><\/p>\n\n\n\n<p class=\"has-text-align-center\"><strong>Ciudad Universitaria, a 25 de septiembre de 2021<\/strong><\/p>\n\n\n\n<figure class=\"wp-block-image is-style-default\"><img decoding=\"async\" src=\"https:\/\/www.laizquierdadiario.mx\/IMG\/arton113614.jpg\" alt=\"Imagen del rector Enrique Graue Wiechers y sus funcionarios huyendo del CCH Azcapotzalco al grito de \u201c\u00a1Fuera Graue!\u201d, tras los cuestionamientos y la pregunta largamente esperada por la comunidad del plantel: \u201c\u00bffirmar\u00e1 el Pliego Petitorio?\u201d | 13 de septiembre de 2018.\" \/><figcaption>Imagen del rector <strong>Enrique Graue Wiechers<\/strong> y sus funcionarios huyendo del<strong> CCH Azcapotzalco <\/strong>al grito de <strong>\u201c\u00a1Fuera Graue!\u201d<\/strong>, tras los cuestionamientos y la pregunta largamente esperada por la comunidad del plantel:<em> \u201c\u00bffirmar\u00e1 el Pliego Petitorio?\u201d<\/em> | 13 de septiembre de 2018.<\/figcaption><\/figure>\n\n\n\n<p><\/p>\n","protected":false},"excerpt":{"rendered":"<p>El Sindicato Independiente de Trabajadoras y Trabajadores Acad\u00e9micos de la UNAM, SITTAUNAM emite el siguiente: Pronunciamiento respecto a la declaraci\u00f3n del Rector de la UNAM sobre las cient\u00edficas y cient\u00edficos relacionados con presuntos manejos en perjuicio del erario El pasado 22 de septiembre, el Rector de la UNAM, declar\u00f3 que fue una \u201cacusaci\u00f3n inconcebible\u201d la investigaci\u00f3n de la Fiscal\u00eda General de la Rep\u00fablica (FGR) contra 31 acad\u00e9micos del Conacyt por presuntos malos manejos. Dicha investigaci\u00f3n surge a ra\u00edz de asignaciones directas millonarias a favor del Foro Consultivo, Cient\u00edfico y Tecnol\u00f3gico A. C. (FCCyT) desde distintos fideicomisos del Conacyt. Al respecto, como docentes de la UNAM, nos deslindamos de lo declarado por el Rector debido a que: 1.- Se asume \u00e9l como la voz que representa todas las voces de la Universidad, cuando su declaraci\u00f3n emerge desde una postura personal, dado que no se hizo el ejercicio de escuchar e integrar una propuesta colectiva de declaraci\u00f3n. 2.- En su discurso plantea que hay una acusaci\u00f3n en contra de cient\u00edficos, cuando lo que se est\u00e1 haciendo es una investigaci\u00f3n por parte de la Fiscal\u00eda -derivada de una denuncia-, acerca de personas con un presunto v\u00ednculo con manejo inadecuado de recursos p\u00fablicos, no por su propia tarea o tema de investigaci\u00f3n 3.- Asume que el quehacer cient\u00edfico est\u00e1 exento de actos de corrupci\u00f3n, cuando ya se ha evidenciado, en otros casos, que cient\u00edficas y cient\u00edficos en las universidades se han visto inmersos en plagios o en manejos inadecuados de los recursos, como sucedi\u00f3 con la llamada \u201cEstafa Maestra\u201d o bien como ha sucedido con el manejo del equipo de futbol \u201cPumas\u201d el cual se beneficia de las instalaciones e imagen de la UNAM, sin embargo es un equipo perteneciente a una AC, cuyos integrantes son personas de la burocracia dorada de la UNAM. 4.- A ra\u00edz de tales declaraciones han surgido mensajes discriminatorios y clasistas tales como \u201cla comunidad cient\u00edfica no puede comer en fondas\u201d, lo cual quebranta la esencia humanista de la Universidad, cuyas instalaciones y presupuesto provienen del erario p\u00fablico. 5.- Extra\u00f1a tambi\u00e9n la celeridad en su dicho y vehemencia en el apoyo, as\u00ed como el expresarlo en un espacio p\u00fablico que no estaba preparado para tal fin, cuando en la UNAM se presentan situaciones internas muy complejas que a\u00fan se encuentran sin soluci\u00f3n. Recientemente se exterioriz\u00f3 una problem\u00e1tica que ata\u00f1e a cerca del 75% de la comunidad docente debido a la precarizaci\u00f3n e irregularidades en los pagos, ante lo cual la figura del Rector ha estado ausente y cerrada a una posible interlocuci\u00f3n, incluso en el momento en el que m\u00e1s se necesitaba que se solucionaran dichos problemas.&nbsp; En este contexto, docentes afiliadas y afiliados al SITTAUNAM reiteramos uno de nuestros principios sindicales que es el de: Fomentar la Educaci\u00f3n&nbsp; p\u00fablica,&nbsp; gratuita,&nbsp; laica,&nbsp; cr\u00edtica,&nbsp; cient\u00edfica, ambiental,&nbsp; humanista,&nbsp; art\u00edstica&nbsp; y deportiva, para lo cual se requiere un actuar y hacer actuar con transparencia y \u00e9tica a cada integrante de la comunidad universitaria. \u00a1Por la dignificaci\u00f3n del trabajo acad\u00e9mico y por la democratizaci\u00f3n de la UNAM! Ciudad Universitaria, a 25 de septiembre de 2021<\/p>\n","protected":false},"author":1,"featured_media":1587,"comment_status":"open","ping_status":"open","sticky":false,"template":"","format":"standard","meta":{"site-sidebar-layout":"default","site-content-layout":"","ast-site-content-layout":"default","site-content-style":"default","site-sidebar-style":"default","ast-global-header-display":"","ast-banner-title-visibility":"","ast-main-header-display":"","ast-hfb-above-header-display":"","ast-hfb-below-header-display":"","ast-hfb-mobile-header-display":"","site-post-title":"","ast-breadcrumbs-content":"","ast-featured-img":"","footer-sml-layout":"","ast-disable-related-posts":"","theme-transparent-header-meta":"","adv-header-id-meta":"","stick-header-meta":"","header-above-stick-meta":"","header-main-stick-meta":"","header-below-stick-meta":"","astra-migrate-meta-layouts":"default","ast-page-background-enabled":"default","ast-page-background-meta":{"desktop":{"background-color":"var(--ast-global-color-5)","background-image":"","background-repeat":"repeat","background-position":"center center","background-size":"auto","background-attachment":"scroll","background-type":"","background-media":"","overlay-type":"","overlay-color":"","overlay-opacity":"","overlay-gradient":""},"tablet":{"background-color":"","background-image":"","background-repeat":"repeat","background-position":"center center","background-size":"auto","background-attachment":"scroll","background-type":"","background-media":"","overlay-type":"","overlay-color":"","overlay-opacity":"","overlay-gradient":""},"mobile":{"background-color":"","background-image":"","background-repeat":"repeat","background-position":"center center","background-size":"auto","background-attachment":"scroll","background-type":"","background-media":"","overlay-type":"","overlay-color":"","overlay-opacity":"","overlay-gradient":""}},"ast-content-background-meta":{"desktop":{"background-color":"var(--ast-global-color-4)","background-image":"","background-repeat":"repeat","background-position":"center center","background-size":"auto","background-attachment":"scroll","background-type":"","background-media":"","overlay-type":"","overlay-color":"","overlay-opacity":"","overlay-gradient":""},"tablet":{"background-color":"var(--ast-global-color-4)","background-image":"","background-repeat":"repeat","background-position":"center center","background-size":"auto","background-attachment":"scroll","background-type":"","background-media":"","overlay-type":"","overlay-color":"","overlay-opacity":"","overlay-gradient":""},"mobile":{"background-color":"var(--ast-global-color-4)","background-image":"","background-repeat":"repeat","background-position":"center center","background-size":"auto","background-attachment":"scroll","background-type":"","background-media":"","overlay-type":"","overlay-color":"","overlay-opacity":"","overlay-gradient":""}},"footnotes":""},"categories":[1],"tags":[],"class_list":["post-1579","post","type-post","status-publish","format-standard","has-post-thumbnail","hentry","category-sin-categoria"],"_links":{"self":[{"href":"https:\/\/sittaunam.org\/index.php\/wp-json\/wp\/v2\/posts\/1579","targetHints":{"allow":["GET"]}}],"collection":[{"href":"https:\/\/sittaunam.org\/index.php\/wp-json\/wp\/v2\/posts"}],"about":[{"href":"https:\/\/sittaunam.org\/index.php\/wp-json\/wp\/v2\/types\/post"}],"author":[{"embeddable":true,"href":"https:\/\/sittaunam.org\/index.php\/wp-json\/wp\/v2\/users\/1"}],"replies":[{"embeddable":true,"href":"https:\/\/sittaunam.org\/index.php\/wp-json\/wp\/v2\/comments?post=1579"}],"version-history":[{"count":0,"href":"https:\/\/sittaunam.org\/index.php\/wp-json\/wp\/v2\/posts\/1579\/revisions"}],"wp:featuredmedia":[{"embeddable":true,"href":"https:\/\/sittaunam.org\/index.php\/wp-json\/wp\/v2\/media\/1587"}],"wp:attachment":[{"href":"https:\/\/sittaunam.org\/index.php\/wp-json\/wp\/v2\/media?parent=1579"}],"wp:term":[{"taxonomy":"category","embeddable":true,"href":"https:\/\/sittaunam.org\/index.php\/wp-json\/wp\/v2\/categories?post=1579"},{"taxonomy":"post_tag","embeddable":true,"href":"https:\/\/sittaunam.org\/index.php\/wp-json\/wp\/v2\/tags?post=1579"}],"curies":[{"name":"wp","href":"https:\/\/api.w.org\/{rel}","templated":true}]}}