{"id":1832,"date":"2022-05-16T02:32:35","date_gmt":"2022-05-16T02:32:35","guid":{"rendered":"https:\/\/sittaunam19.wordpress.com\/?p=1832"},"modified":"2022-05-16T02:32:35","modified_gmt":"2022-05-16T02:32:35","slug":"convocatoria-foro-metropolitano-2022","status":"publish","type":"post","link":"https:\/\/sittaunam.org\/index.php\/2022\/05\/16\/convocatoria-foro-metropolitano-2022\/","title":{"rendered":"Convocatoria Foro Metropolitano 2022"},"content":{"rendered":"\n<p class=\"has-text-align-center\"><strong>La Coordinadora Nacional de Sindicatos Universitarios, de Educaci\u00f3n Superior, Investigaci\u00f3n y Cultura, CNSUESIC<\/strong>,<strong> la Asamblea de Trabajadores de la Universidad del Bienestar Benito Ju\u00e1rez Garc\u00eda<\/strong>,<strong> la Coordinadora Nacional de Trabajadores de la Educaci\u00f3n Media Superior, CNTEMS<\/strong>, <strong>Profesores Organizados de la Escuela Superior de Econom\u00eda del IPN<\/strong> <strong> y el Sindicato Independiente de Trabajadoras y Trabajadores Acad\u00e9micos de la UNAM, SITTAUNAM<\/strong><\/p>\n\n\n\n<p>En el contexto de las enormes diferencias salariales relacionadas con privilegios, decisiones presupuestales y pol\u00edticas laborales que imponen, en complicidad, las castas doradas de funcionarios, las \u00e9lites acad\u00e9micas, la burocracia y el sindicalismo charro y patronal a la inmensa mayor\u00eda de profesoras y profesores en las instituciones educativas p\u00fablicas de nuestro pa\u00eds, hoy m\u00e1s que nunca es necesario y urgente que levantemos la voz sumando esfuerzos para cambiar de ra\u00edz la situaci\u00f3n hist\u00f3rica de precariedad salarial e inestabilidad laboral:<\/p>\n\n\n\n<p class=\"has-text-align-center\"><strong>C O N V O C A M O S\u00a0 A<\/strong><\/p>\n\n\n\n<p class=\"has-text-align-center\"><strong>SINDICATOS, COMUNIDADES Y COLECTIVOS DE TRABAJADORAS Y TRABAJADORES DE EDUCACI\u00d3N P\u00daBLICA MEDIA SUPERIOR Y SUPERIOR<\/strong><\/p>\n\n\n\n<p class=\"has-text-align-center\">al<\/p>\n\n\n\n<h2 class=\"has-text-align-center wp-block-heading\">Foro Metropolitano<\/h2>\n\n\n\n<p class=\"has-text-align-center\"><strong><em><mark style=\"background-color:rgba(0, 0, 0, 0);\" class=\"has-inline-color has-primary-color\">\u201cPrecariedad salarial e inestabilidad laboral en las Universidades e Institutos de Educaci\u00f3n Superior y Media Superior en el contexto de las pol\u00edticas neoliberales en M\u00e9xico\u201d<\/mark><\/em><\/strong><\/p>\n\n\n\n<p>A realizarse <strong>el 28 y 29 de mayo del 2022<\/strong> en l\u00ednea, con una agenda que busca la generaci\u00f3n de espacios en los que nos identifiquemos y vinculemos para trazar una ruta de organizaci\u00f3n y lucha unitaria que visibilice el descontento y definir l\u00edneas de acci\u00f3n, tanto pol\u00edticas como jur\u00eddicas, para conseguir la dignificaci\u00f3n del trabajo acad\u00e9mico.<\/p>\n\n\n\n<p><strong>Agenda:<\/strong><\/p>\n\n\n\n<p><strong>D\u00eda 1 (28 de mayo)<\/strong><\/p>\n\n\n\n<figure class=\"wp-block-table\"><table><tbody><tr><td>10:00 \u2013 11:00<\/td><td><em>Conferencias<\/em> <br>Ponente: Hugo Aboites <br>Ponente: por confirmar<\/td><\/tr><tr><td>11:00 \u2013 13:00<\/td><td><em>Mesa 1<\/em>. <em>Forma neoliberal de asignaci\u00f3n, distribuci\u00f3n y uso del presupuesto en las instituciones p\u00fablicas de educaci\u00f3n media superior y superior.<\/em> \u00a0 <br>Subtemas: Anomal\u00edas en los pagos, manejo inadecuado de fondos de jubilaci\u00f3n, compra irregular de materiales, fallas en comprobaci\u00f3n de gastos o falta de entrega de trabajos y riesgos asociados, etc. \u00a0<\/td><\/tr><tr><td>16:00-18:00<\/td><td><em>Mesa 2<\/em>. <em>Normatividades acad\u00e9mico-administrativas y acad\u00e9mico-laborales que precarizan y causan inestabilidad laboral, impiden y\/o obstaculizan la profesionalizaci\u00f3n del proceso de ense\u00f1anza-aprendizaje y la b\u00fasqueda de alternativas de soluci\u00f3n.<\/em> \u00a0 <br>Subtemas: Marcos constitucionales; marcos reglamentarios generales, marcos internos, normatividades a modo, etc..<\/td><\/tr><\/tbody><\/table><\/figure>\n\n\n\n<p><strong>D\u00eda 2 (29 de mayo)<\/strong><\/p>\n\n\n\n<figure class=\"wp-block-table\"><table><tbody><tr><td>10:00 \u2013 11:00<\/td><td><em>Conferencias<\/em> <br>Ponente: Mauro Jarqu\u00edn <br>Ponente: por confirmar<\/td><\/tr><tr><td>11:00 \u2013 13:00<\/td><td><em>Mesa 3<\/em>. <em>Precariedad laboral y condiciones de trabajo<\/em> \u00a0 <br>Subtemas: Trabajo no remunerado, aumentos a salarios e inflaci\u00f3n, etc.<\/td><\/tr><tr><td>16:00-17:00<\/td><td><em>Mesa 4 <\/em>. <em>Aprendizajes de las experiencias de lucha.<\/em> \u00a0 <br>Subtemas: movimientos, demandas laborales, acciones jur\u00eddicas y pol\u00edticas, etc. \u00a0<\/td><\/tr><tr><td>17:00-18:00<\/td><td><em>Cierre<\/em> \u00a0 <br>Propuestas y acuerdos de formas de coordinaci\u00f3n, plan de acci\u00f3n y estrategias para reforzar iniciativas colectivas (Calendario, Relator\u00eda, Pronunciamiento).<\/td><\/tr><\/tbody><\/table><\/figure>\n\n\n\n<p><strong>Bases para la participaci\u00f3n en el Foro:<\/strong><\/p>\n\n\n\n<ol class=\"wp-block-list\" type=\"a\"><li>Cada sindicato o colectivo de docentes podr\u00e1 inscribir un trabajo para cada mesa (puede participar en una o en todas) que deber\u00e1 estar desarrollado por escrito y que ser\u00e1 presentado en formato de ponencia.<\/li><\/ol>\n\n\n\n<ul class=\"wp-block-list\"><li>El trabajo escrito deber\u00e1 ser enviado al correo: <a href=\"mailto:secretariadecultura.sittaunam@gmail.com\">secretariadecultura.sittaunam@gmail.com<\/a>. Ver el formato para el env\u00edo del trabajo <\/li><\/ul>\n\n\n\n<div class=\"wp-block-file\"><a id=\"wp-block-file--media-6803212b-0669-4aff-9435-80a9d574f147\" href=\"https:\/\/sittaunam19.files.wordpress.com\/2022\/05\/formatoforometropolitano2022.docx\">formatoforometropolitano2022<\/a><a href=\"https:\/\/sittaunam19.files.wordpress.com\/2022\/05\/formatoforometropolitano2022.docx\" class=\"wp-block-file__button\" download aria-describedby=\"wp-block-file--media-6803212b-0669-4aff-9435-80a9d574f147\">Descarga<\/a><\/div>\n\n\n\n<ul class=\"wp-block-list\"><li>En funci\u00f3n del n\u00famero de trabajos inscritos, las ponencias tendr\u00e1n una duraci\u00f3n de, m\u00e1ximo, 15 a 20 minutos, se dar\u00e1 un espacio de 5 minutos para preguntas.<\/li><\/ul>\n\n\n\n<ul class=\"wp-block-list\"><li>Adem\u00e1s del formato de ponencia, los trabajo podr\u00e1n ser presentados en formatos de carteles, infograf\u00edas y numeralias que expongan y\/o sinteticen los diversos temas que se presenten.<\/li><\/ul>\n\n\n\n<ul class=\"wp-block-list\"><li>La presente convocatoria cierra el d\u00eda <strong>LUNES 24 DE MAYO A LAS 18:00 horas<\/strong>.<\/li><\/ul>\n\n\n\n<p>Al cerrar la convocatoria, de acuerdo a los trabajos registrados, los convocantes difundir\u00e1n los carteles generados para el evento. Se extender\u00e1 una constancia de participaci\u00f3n a las y los ponentes.<\/p>\n\n\n\n<p class=\"has-text-align-center\"><strong>Fraternalmente:<\/strong><\/p>\n\n\n\n<p class=\"has-text-align-center\"><strong>La Coordinadora Nacional de Sindicatos Universitarios, de Educaci\u00f3n Superior, Investigaci\u00f3n y Cultura, CNSUESIC<\/strong>,<strong> la Asamblea de Trabajadores de la Universidad del Bienestar Benito Ju\u00e1rez Garc\u00eda<\/strong>,<strong> la Coordinadora Nacional de Trabajadores de la Educaci\u00f3n Media Superior, CNTEMS<\/strong>, <strong>Profesores Organizados de la Escuela Superior de Econom\u00eda del IPN<\/strong> <strong> y el Sindicato Independiente de Trabajadoras y Trabajadores Acad\u00e9micos de la UNAM, SITTAUNAM<\/strong><\/p>\n","protected":false},"excerpt":{"rendered":"<p>La Coordinadora Nacional de Sindicatos Universitarios, de Educaci\u00f3n Superior, Investigaci\u00f3n y Cultura, CNSUESIC, la Asamblea de Trabajadores de la Universidad del Bienestar Benito Ju\u00e1rez Garc\u00eda, la Coordinadora Nacional de Trabajadores de la Educaci\u00f3n Media Superior, CNTEMS, Profesores Organizados de la Escuela Superior de Econom\u00eda del IPN y el Sindicato Independiente de Trabajadoras y Trabajadores Acad\u00e9micos de la UNAM, SITTAUNAM En el contexto de las enormes diferencias salariales relacionadas con privilegios, decisiones presupuestales y pol\u00edticas laborales que imponen, en complicidad, las castas doradas de funcionarios, las \u00e9lites acad\u00e9micas, la burocracia y el sindicalismo charro y patronal a la inmensa mayor\u00eda de profesoras y profesores en las instituciones educativas p\u00fablicas de nuestro pa\u00eds, hoy m\u00e1s que nunca es necesario y urgente que levantemos la voz sumando esfuerzos para cambiar de ra\u00edz la situaci\u00f3n hist\u00f3rica de precariedad salarial e inestabilidad laboral: C O N V O C A M O S\u00a0 A SINDICATOS, COMUNIDADES Y COLECTIVOS DE TRABAJADORAS Y TRABAJADORES DE EDUCACI\u00d3N P\u00daBLICA MEDIA SUPERIOR Y SUPERIOR al Foro Metropolitano \u201cPrecariedad salarial e inestabilidad laboral en las Universidades e Institutos de Educaci\u00f3n Superior y Media Superior en el contexto de las pol\u00edticas neoliberales en M\u00e9xico\u201d A realizarse el 28 y 29 de mayo del 2022 en l\u00ednea, con una agenda que busca la generaci\u00f3n de espacios en los que nos identifiquemos y vinculemos para trazar una ruta de organizaci\u00f3n y lucha unitaria que visibilice el descontento y definir l\u00edneas de acci\u00f3n, tanto pol\u00edticas como jur\u00eddicas, para conseguir la dignificaci\u00f3n del trabajo acad\u00e9mico. Agenda: D\u00eda 1 (28 de mayo) 10:00 \u2013 11:00 Conferencias Ponente: Hugo Aboites Ponente: por confirmar 11:00 \u2013 13:00 Mesa 1. Forma neoliberal de asignaci\u00f3n, distribuci\u00f3n y uso del presupuesto en las instituciones p\u00fablicas de educaci\u00f3n media superior y superior. \u00a0 Subtemas: Anomal\u00edas en los pagos, manejo inadecuado de fondos de jubilaci\u00f3n, compra irregular de materiales, fallas en comprobaci\u00f3n de gastos o falta de entrega de trabajos y riesgos asociados, etc. \u00a0 16:00-18:00 Mesa 2. Normatividades acad\u00e9mico-administrativas y acad\u00e9mico-laborales que precarizan y causan inestabilidad laboral, impiden y\/o obstaculizan la profesionalizaci\u00f3n del proceso de ense\u00f1anza-aprendizaje y la b\u00fasqueda de alternativas de soluci\u00f3n. \u00a0 Subtemas: Marcos constitucionales; marcos reglamentarios generales, marcos internos, normatividades a modo, etc.. D\u00eda 2 (29 de mayo) 10:00 \u2013 11:00 Conferencias Ponente: Mauro Jarqu\u00edn Ponente: por confirmar 11:00 \u2013 13:00 Mesa 3. Precariedad laboral y condiciones de trabajo \u00a0 Subtemas: Trabajo no remunerado, aumentos a salarios e inflaci\u00f3n, etc. 16:00-17:00 Mesa 4 . Aprendizajes de las experiencias de lucha. \u00a0 Subtemas: movimientos, demandas laborales, acciones jur\u00eddicas y pol\u00edticas, etc. \u00a0 17:00-18:00 Cierre \u00a0 Propuestas y acuerdos de formas de coordinaci\u00f3n, plan de acci\u00f3n y estrategias para reforzar iniciativas colectivas (Calendario, Relator\u00eda, Pronunciamiento). Bases para la participaci\u00f3n en el Foro: Cada sindicato o colectivo de docentes podr\u00e1 inscribir un trabajo para cada mesa (puede participar en una o en todas) que deber\u00e1 estar desarrollado por escrito y que ser\u00e1 presentado en formato de ponencia. El trabajo escrito deber\u00e1 ser enviado al correo: secretariadecultura.sittaunam@gmail.com. Ver el formato para el env\u00edo del trabajo En funci\u00f3n del n\u00famero de trabajos inscritos, las ponencias tendr\u00e1n una duraci\u00f3n de, m\u00e1ximo, 15 a 20 minutos, se dar\u00e1 un espacio de 5 minutos para preguntas. Adem\u00e1s del formato de ponencia, los trabajo podr\u00e1n ser presentados en formatos de carteles, infograf\u00edas y numeralias que expongan y\/o sinteticen los diversos temas que se presenten. La presente convocatoria cierra el d\u00eda LUNES 24 DE MAYO A LAS 18:00 horas. Al cerrar la convocatoria, de acuerdo a los trabajos registrados, los convocantes difundir\u00e1n los carteles generados para el evento. Se extender\u00e1 una constancia de participaci\u00f3n a las y los ponentes. Fraternalmente: La Coordinadora Nacional de Sindicatos Universitarios, de Educaci\u00f3n Superior, Investigaci\u00f3n y Cultura, CNSUESIC, la Asamblea de Trabajadores de la Universidad del Bienestar Benito Ju\u00e1rez Garc\u00eda, la Coordinadora Nacional de Trabajadores de la Educaci\u00f3n Media Superior, CNTEMS, Profesores Organizados de la Escuela Superior de Econom\u00eda del IPN y el Sindicato Independiente de Trabajadoras y Trabajadores Acad\u00e9micos de la UNAM, SITTAUNAM<\/p>\n","protected":false},"author":1,"featured_media":1837,"comment_status":"open","ping_status":"open","sticky":false,"template":"","format":"standard","meta":{"site-sidebar-layout":"default","site-content-layout":"","ast-site-content-layout":"default","site-content-style":"default","site-sidebar-style":"default","ast-global-header-display":"","ast-banner-title-visibility":"","ast-main-header-display":"","ast-hfb-above-header-display":"","ast-hfb-below-header-display":"","ast-hfb-mobile-header-display":"","site-post-title":"","ast-breadcrumbs-content":"","ast-featured-img":"","footer-sml-layout":"","ast-disable-related-posts":"","theme-transparent-header-meta":"","adv-header-id-meta":"","stick-header-meta":"","header-above-stick-meta":"","header-main-stick-meta":"","header-below-stick-meta":"","astra-migrate-meta-layouts":"default","ast-page-background-enabled":"default","ast-page-background-meta":{"desktop":{"background-color":"var(--ast-global-color-5)","background-image":"","background-repeat":"repeat","background-position":"center center","background-size":"auto","background-attachment":"scroll","background-type":"","background-media":"","overlay-type":"","overlay-color":"","overlay-opacity":"","overlay-gradient":""},"tablet":{"background-color":"","background-image":"","background-repeat":"repeat","background-position":"center center","background-size":"auto","background-attachment":"scroll","background-type":"","background-media":"","overlay-type":"","overlay-color":"","overlay-opacity":"","overlay-gradient":""},"mobile":{"background-color":"","background-image":"","background-repeat":"repeat","background-position":"center center","background-size":"auto","background-attachment":"scroll","background-type":"","background-media":"","overlay-type":"","overlay-color":"","overlay-opacity":"","overlay-gradient":""}},"ast-content-background-meta":{"desktop":{"background-color":"var(--ast-global-color-4)","background-image":"","background-repeat":"repeat","background-position":"center center","background-size":"auto","background-attachment":"scroll","background-type":"","background-media":"","overlay-type":"","overlay-color":"","overlay-opacity":"","overlay-gradient":""},"tablet":{"background-color":"var(--ast-global-color-4)","background-image":"","background-repeat":"repeat","background-position":"center center","background-size":"auto","background-attachment":"scroll","background-type":"","background-media":"","overlay-type":"","overlay-color":"","overlay-opacity":"","overlay-gradient":""},"mobile":{"background-color":"var(--ast-global-color-4)","background-image":"","background-repeat":"repeat","background-position":"center center","background-size":"auto","background-attachment":"scroll","background-type":"","background-media":"","overlay-type":"","overlay-color":"","overlay-opacity":"","overlay-gradient":""}},"footnotes":""},"categories":[1],"tags":[],"class_list":["post-1832","post","type-post","status-publish","format-standard","has-post-thumbnail","hentry","category-sin-categoria"],"_links":{"self":[{"href":"https:\/\/sittaunam.org\/index.php\/wp-json\/wp\/v2\/posts\/1832","targetHints":{"allow":["GET"]}}],"collection":[{"href":"https:\/\/sittaunam.org\/index.php\/wp-json\/wp\/v2\/posts"}],"about":[{"href":"https:\/\/sittaunam.org\/index.php\/wp-json\/wp\/v2\/types\/post"}],"author":[{"embeddable":true,"href":"https:\/\/sittaunam.org\/index.php\/wp-json\/wp\/v2\/users\/1"}],"replies":[{"embeddable":true,"href":"https:\/\/sittaunam.org\/index.php\/wp-json\/wp\/v2\/comments?post=1832"}],"version-history":[{"count":0,"href":"https:\/\/sittaunam.org\/index.php\/wp-json\/wp\/v2\/posts\/1832\/revisions"}],"wp:featuredmedia":[{"embeddable":true,"href":"https:\/\/sittaunam.org\/index.php\/wp-json\/wp\/v2\/media\/1837"}],"wp:attachment":[{"href":"https:\/\/sittaunam.org\/index.php\/wp-json\/wp\/v2\/media?parent=1832"}],"wp:term":[{"taxonomy":"category","embeddable":true,"href":"https:\/\/sittaunam.org\/index.php\/wp-json\/wp\/v2\/categories?post=1832"},{"taxonomy":"post_tag","embeddable":true,"href":"https:\/\/sittaunam.org\/index.php\/wp-json\/wp\/v2\/tags?post=1832"}],"curies":[{"name":"wp","href":"https:\/\/api.w.org\/{rel}","templated":true}]}}