{"id":1923,"date":"2022-10-03T23:41:38","date_gmt":"2022-10-03T23:41:38","guid":{"rendered":"https:\/\/sittaunam19.wordpress.com\/?p=1923"},"modified":"2022-10-03T23:41:38","modified_gmt":"2022-10-03T23:41:38","slug":"movilizacion-del-sittaunam-30-septiembre-2022","status":"publish","type":"post","link":"https:\/\/sittaunam.org\/index.php\/2022\/10\/03\/movilizacion-del-sittaunam-30-septiembre-2022\/","title":{"rendered":"Movilizaci\u00f3n del SITTAUNAM &#8211; 30 septiembre 2022"},"content":{"rendered":"\n<p>El pasado viernes 30 de septiembre, afiliadas y afiliados al SITTAUNAM llevamos a cabo una marcha-m\u00edtin que inici\u00f3 en Direcci\u00f3n General de Personal y concluy\u00f3 en Rector\u00eda, con acciones adicionales afuera de las oficinas de Relaciones Laborales (de la DGP), esto en Ciudad Universitaria, al tiempo en que se realiz\u00f3 una rueda de prensa para en la ENES Morelia. La marcha-m\u00edtin y la rueda de prensa se llevaron a cabo como respuesta a la falta de respuesta formal (por escrito), por parte de la DGP, hacia varias de nuestras peticiones, tales como la reanudaci\u00f3n de mesas de trabajo para tratar asuntos espec\u00edficos de profesoras y profesores, as\u00ed como la falta de reconocimiento de representantes del SITTAUNAM ante las diferentes dependiencias.<\/p>\n\n\n\n<p>En la ENES Morelia se dio a la tarea de difundir ante los medios de difusi\u00f3n los problemas acad\u00e9mico-laborales tales como la falta de promoci\u00f3n para las y los profesores de asignatura. <\/p>\n\n\n\n<figure class=\"wp-block-image size-large is-resized\"><img fetchpriority=\"high\" decoding=\"async\" src=\"https:\/\/sittaunam19.files.wordpress.com\/2022\/10\/image.png?w=350\" alt=\"\" class=\"wp-image-1950\" width=\"662\" height=\"753\" srcset=\"https:\/\/sittaunam.org\/wp-content\/uploads\/2022\/10\/image.png 350w, https:\/\/sittaunam.org\/wp-content\/uploads\/2022\/10\/image-264x300.png 264w\" sizes=\"(max-width: 662px) 100vw, 662px\" \/><\/figure>\n\n\n\n<p>elsoldemorelia.com.mx\/local\/sindicato-de-la-unam-morelia-exige-mejores-condiciones-laborales-8967797.html<\/p>\n\n\n\n<p>En una primera actividad se hizo una manifestaci\u00f3n frente a la Direcci\u00f3n General de Personal, manifestando con altavoz el c\u00f3mo se han sucitado varias de las situaciones que impiden realizar nuestras labores sindicales. Ante ello, las oficinas cerraron sus puertas, no permitiendo que afiliadas y afiliados al sittaunam pudieran ingresar. Despu\u00e9s se presentaron personas de las oficinas de Relaciones Laborales, a las cuales se les expres\u00f3 nuestra inconformidad ante la falta de respuesta a peticiones que hemos hecho por escrito. Se nos comiunic\u00f3 que tendr\u00edamos una respuesta. <\/p>\n\n\n\n<figure class=\"wp-block-image size-large\"><img decoding=\"async\" src=\"https:\/\/sittaunam19.files.wordpress.com\/2022\/10\/dsc_0007.jpg?w=1024\" alt=\"\" class=\"wp-image-1931\" \/><\/figure>\n\n\n\n<p>Procesdimos a realizar la segunda actividad que se desarroll\u00f3 en la Facultad de Econom\u00eda. Fuimos recibidos por profesores ayudantes que actualmente se encuentran en paro debido a que no se les ha contratado a pesar de que se hab\u00eda establecido que durante la pandemia (la cual no ha terminado) se les contratar\u00eda a\u00fan cuando los grupos no cumplieran con el m\u00ednimo de inscritos.<\/p>\n\n\n\n<figure class=\"wp-block-image size-large\"><img decoding=\"async\" src=\"https:\/\/sittaunam19.files.wordpress.com\/2022\/10\/dsc_0018.jpg?w=1024\" alt=\"\" class=\"wp-image-1932\" \/><\/figure>\n\n\n\n<figure class=\"wp-block-image size-large\"><img decoding=\"async\" width=\"1506\" height=\"1600\" src=\"https:\/\/sittaunam19.files.wordpress.com\/2022\/10\/whatsapp-image-2022-09-30-at-5.14.11-pm.jpeg?w=964\" alt=\"\" class=\"wp-image-1933\" srcset=\"https:\/\/sittaunam.org\/wp-content\/uploads\/2022\/10\/whatsapp-image-2022-09-30-at-5.14.11-pm.jpeg 1506w, https:\/\/sittaunam.org\/wp-content\/uploads\/2022\/10\/whatsapp-image-2022-09-30-at-5.14.11-pm-282x300.jpeg 282w, https:\/\/sittaunam.org\/wp-content\/uploads\/2022\/10\/whatsapp-image-2022-09-30-at-5.14.11-pm-964x1024.jpeg 964w, https:\/\/sittaunam.org\/wp-content\/uploads\/2022\/10\/whatsapp-image-2022-09-30-at-5.14.11-pm-768x816.jpeg 768w, https:\/\/sittaunam.org\/wp-content\/uploads\/2022\/10\/whatsapp-image-2022-09-30-at-5.14.11-pm-1446x1536.jpeg 1446w\" sizes=\"(max-width: 1506px) 100vw, 1506px\" \/><\/figure>\n\n\n\n<p>La siguiente actividad la realizamos en la Facultad de Derecho, en donde fue escuchada con atenci\u00f3n la manifestaci\u00f3n que hicimos acerca de la precarizaci\u00f3n laboral en la UNAM y c\u00f3mo con ello se ha faltado al derecho humano al trabajo digno.<\/p>\n\n\n\n<p><\/p>\n\n\n\n<figure class=\"wp-block-image size-large\"><img decoding=\"async\" src=\"https:\/\/sittaunam19.files.wordpress.com\/2022\/10\/dsc_0021.jpg?w=1024\" alt=\"\" class=\"wp-image-1946\" \/><\/figure>\n\n\n\n<p>Finalmente, se hizo una manifestaci\u00f3n en Rector\u00eda, en donde lleg\u00f3 personal de Relaciones Laborales para entregar una respuesta escrita. En dicha respuesta se mencionaba que nos recibir\u00edan el jueves 13 de octubre a las 19:00 horas. La respuesta no fue aceptada debido a que la cita se estaba programando en un horario que complica la asistencia de afiliadas y afiliados que tengan trabajos de crianza y cuidados parentales. <\/p>\n\n\n\n<figure class=\"wp-block-image size-large\"><img decoding=\"async\" src=\"https:\/\/sittaunam19.files.wordpress.com\/2022\/10\/dsc_0026.jpg?w=1024\" alt=\"\" class=\"wp-image-1938\" \/><\/figure>\n\n\n\n<p>Debido a ello se decidi\u00f3 hacer una manifestaci\u00f3n cerrando, por 15 minutos, la avenida insurgentes para posteriormente acudir a las oficinas de Relaciones Laborales y entregar por escrito nuestra inconformidad de que nos citen en horarios que vulneran a las y los docentes que realizan trabajos de cuidados. Para el momento en que llegamos, los funcionarios ya se hab\u00edan retirado.<\/p>\n\n\n\n<p><\/p>\n","protected":false},"excerpt":{"rendered":"<p>El pasado viernes 30 de septiembre, afiliadas y afiliados al SITTAUNAM llevamos a cabo una marcha-m\u00edtin que inici\u00f3 en Direcci\u00f3n General de Personal y concluy\u00f3 en Rector\u00eda, con acciones adicionales afuera de las oficinas de Relaciones Laborales (de la DGP), esto en Ciudad Universitaria, al tiempo en que se realiz\u00f3 una rueda de prensa para en la ENES Morelia. La marcha-m\u00edtin y la rueda de prensa se llevaron a cabo como respuesta a la falta de respuesta formal (por escrito), por parte de la DGP, hacia varias de nuestras peticiones, tales como la reanudaci\u00f3n de mesas de trabajo para tratar asuntos espec\u00edficos de profesoras y profesores, as\u00ed como la falta de reconocimiento de representantes del SITTAUNAM ante las diferentes dependiencias. En la ENES Morelia se dio a la tarea de difundir ante los medios de difusi\u00f3n los problemas acad\u00e9mico-laborales tales como la falta de promoci\u00f3n para las y los profesores de asignatura. elsoldemorelia.com.mx\/local\/sindicato-de-la-unam-morelia-exige-mejores-condiciones-laborales-8967797.html En una primera actividad se hizo una manifestaci\u00f3n frente a la Direcci\u00f3n General de Personal, manifestando con altavoz el c\u00f3mo se han sucitado varias de las situaciones que impiden realizar nuestras labores sindicales. Ante ello, las oficinas cerraron sus puertas, no permitiendo que afiliadas y afiliados al sittaunam pudieran ingresar. Despu\u00e9s se presentaron personas de las oficinas de Relaciones Laborales, a las cuales se les expres\u00f3 nuestra inconformidad ante la falta de respuesta a peticiones que hemos hecho por escrito. Se nos comiunic\u00f3 que tendr\u00edamos una respuesta. Procesdimos a realizar la segunda actividad que se desarroll\u00f3 en la Facultad de Econom\u00eda. Fuimos recibidos por profesores ayudantes que actualmente se encuentran en paro debido a que no se les ha contratado a pesar de que se hab\u00eda establecido que durante la pandemia (la cual no ha terminado) se les contratar\u00eda a\u00fan cuando los grupos no cumplieran con el m\u00ednimo de inscritos. La siguiente actividad la realizamos en la Facultad de Derecho, en donde fue escuchada con atenci\u00f3n la manifestaci\u00f3n que hicimos acerca de la precarizaci\u00f3n laboral en la UNAM y c\u00f3mo con ello se ha faltado al derecho humano al trabajo digno. Finalmente, se hizo una manifestaci\u00f3n en Rector\u00eda, en donde lleg\u00f3 personal de Relaciones Laborales para entregar una respuesta escrita. En dicha respuesta se mencionaba que nos recibir\u00edan el jueves 13 de octubre a las 19:00 horas. La respuesta no fue aceptada debido a que la cita se estaba programando en un horario que complica la asistencia de afiliadas y afiliados que tengan trabajos de crianza y cuidados parentales. Debido a ello se decidi\u00f3 hacer una manifestaci\u00f3n cerrando, por 15 minutos, la avenida insurgentes para posteriormente acudir a las oficinas de Relaciones Laborales y entregar por escrito nuestra inconformidad de que nos citen en horarios que vulneran a las y los docentes que realizan trabajos de cuidados. Para el momento en que llegamos, los funcionarios ya se hab\u00edan retirado.<\/p>\n","protected":false},"author":1,"featured_media":1939,"comment_status":"open","ping_status":"open","sticky":false,"template":"","format":"standard","meta":{"site-sidebar-layout":"default","site-content-layout":"","ast-site-content-layout":"default","site-content-style":"default","site-sidebar-style":"default","ast-global-header-display":"","ast-banner-title-visibility":"","ast-main-header-display":"","ast-hfb-above-header-display":"","ast-hfb-below-header-display":"","ast-hfb-mobile-header-display":"","site-post-title":"","ast-breadcrumbs-content":"","ast-featured-img":"","footer-sml-layout":"","ast-disable-related-posts":"","theme-transparent-header-meta":"","adv-header-id-meta":"","stick-header-meta":"","header-above-stick-meta":"","header-main-stick-meta":"","header-below-stick-meta":"","astra-migrate-meta-layouts":"default","ast-page-background-enabled":"default","ast-page-background-meta":{"desktop":{"background-color":"var(--ast-global-color-5)","background-image":"","background-repeat":"repeat","background-position":"center center","background-size":"auto","background-attachment":"scroll","background-type":"","background-media":"","overlay-type":"","overlay-color":"","overlay-opacity":"","overlay-gradient":""},"tablet":{"background-color":"","background-image":"","background-repeat":"repeat","background-position":"center center","background-size":"auto","background-attachment":"scroll","background-type":"","background-media":"","overlay-type":"","overlay-color":"","overlay-opacity":"","overlay-gradient":""},"mobile":{"background-color":"","background-image":"","background-repeat":"repeat","background-position":"center center","background-size":"auto","background-attachment":"scroll","background-type":"","background-media":"","overlay-type":"","overlay-color":"","overlay-opacity":"","overlay-gradient":""}},"ast-content-background-meta":{"desktop":{"background-color":"var(--ast-global-color-4)","background-image":"","background-repeat":"repeat","background-position":"center center","background-size":"auto","background-attachment":"scroll","background-type":"","background-media":"","overlay-type":"","overlay-color":"","overlay-opacity":"","overlay-gradient":""},"tablet":{"background-color":"var(--ast-global-color-4)","background-image":"","background-repeat":"repeat","background-position":"center center","background-size":"auto","background-attachment":"scroll","background-type":"","background-media":"","overlay-type":"","overlay-color":"","overlay-opacity":"","overlay-gradient":""},"mobile":{"background-color":"var(--ast-global-color-4)","background-image":"","background-repeat":"repeat","background-position":"center center","background-size":"auto","background-attachment":"scroll","background-type":"","background-media":"","overlay-type":"","overlay-color":"","overlay-opacity":"","overlay-gradient":""}},"footnotes":""},"categories":[1],"tags":[],"class_list":["post-1923","post","type-post","status-publish","format-standard","has-post-thumbnail","hentry","category-sin-categoria"],"_links":{"self":[{"href":"https:\/\/sittaunam.org\/index.php\/wp-json\/wp\/v2\/posts\/1923","targetHints":{"allow":["GET"]}}],"collection":[{"href":"https:\/\/sittaunam.org\/index.php\/wp-json\/wp\/v2\/posts"}],"about":[{"href":"https:\/\/sittaunam.org\/index.php\/wp-json\/wp\/v2\/types\/post"}],"author":[{"embeddable":true,"href":"https:\/\/sittaunam.org\/index.php\/wp-json\/wp\/v2\/users\/1"}],"replies":[{"embeddable":true,"href":"https:\/\/sittaunam.org\/index.php\/wp-json\/wp\/v2\/comments?post=1923"}],"version-history":[{"count":0,"href":"https:\/\/sittaunam.org\/index.php\/wp-json\/wp\/v2\/posts\/1923\/revisions"}],"wp:featuredmedia":[{"embeddable":true,"href":"https:\/\/sittaunam.org\/index.php\/wp-json\/wp\/v2\/media\/1939"}],"wp:attachment":[{"href":"https:\/\/sittaunam.org\/index.php\/wp-json\/wp\/v2\/media?parent=1923"}],"wp:term":[{"taxonomy":"category","embeddable":true,"href":"https:\/\/sittaunam.org\/index.php\/wp-json\/wp\/v2\/categories?post=1923"},{"taxonomy":"post_tag","embeddable":true,"href":"https:\/\/sittaunam.org\/index.php\/wp-json\/wp\/v2\/tags?post=1923"}],"curies":[{"name":"wp","href":"https:\/\/api.w.org\/{rel}","templated":true}]}}