{"id":312,"date":"2019-10-07T05:41:05","date_gmt":"2019-10-07T05:41:05","guid":{"rendered":"https:\/\/sittaunam19.wordpress.com\/?p=312"},"modified":"2019-10-07T05:41:05","modified_gmt":"2019-10-07T05:41:05","slug":"agradecimientos-y-manifiestos-de-solidaridad-por-parte-del-sittaunam","status":"publish","type":"post","link":"https:\/\/sittaunam.org\/index.php\/2019\/10\/07\/agradecimientos-y-manifiestos-de-solidaridad-por-parte-del-sittaunam\/","title":{"rendered":"Participaci\u00f3n del SITTAUNAM en actos conmemorativos"},"content":{"rendered":"\n<h2 class=\"wp-block-heading\">2 de octubre<\/h2>\n\n\n\n<p>Ante uno de los hechos m\u00e1s tr\u00e1gicos de la historia de M\u00e9xico, no podemos permitirnos que desaparezca de la memoria individual y colectiva la llamada matanza de Tlatelolco, no podemos permitir que pase de largo un hecho que sigue impune y que es un crimen de Estado.<\/p>\n\n\n\n<p>&#8220;Los del guante son paramilitares de Guardias Presidenciales. Un ej\u00e9rcito dentro del Ej\u00e9rcito. Son gente del Estado Mayor Presidencial. Fueron ellos los que abrieron el fuego contra los estudiantes.&#8221; (1)<\/p>\n\n\n\n<figure class=\"wp-block-image size-large\"><img fetchpriority=\"high\" decoding=\"async\" width=\"720\" height=\"1280\" src=\"https:\/\/sittaunam19.files.wordpress.com\/2019\/10\/img-20191002-wa0140.jpg?w=576\" alt=\"\" class=\"wp-image-329\" srcset=\"https:\/\/sittaunam.org\/wp-content\/uploads\/2019\/10\/img-20191002-wa0140.jpg 720w, https:\/\/sittaunam.org\/wp-content\/uploads\/2019\/10\/img-20191002-wa0140-169x300.jpg 169w, https:\/\/sittaunam.org\/wp-content\/uploads\/2019\/10\/img-20191002-wa0140-576x1024.jpg 576w\" sizes=\"(max-width: 720px) 100vw, 720px\" \/><\/figure>\n\n\n\n<figure class=\"wp-block-image size-large\"><img decoding=\"async\" width=\"1160\" height=\"580\" src=\"https:\/\/sittaunam19.files.wordpress.com\/2019\/10\/img-20191002-wa0143.jpg?w=1024\" alt=\"\" class=\"wp-image-330\" srcset=\"https:\/\/sittaunam.org\/wp-content\/uploads\/2019\/10\/img-20191002-wa0143.jpg 1160w, https:\/\/sittaunam.org\/wp-content\/uploads\/2019\/10\/img-20191002-wa0143-300x150.jpg 300w, https:\/\/sittaunam.org\/wp-content\/uploads\/2019\/10\/img-20191002-wa0143-1024x512.jpg 1024w, https:\/\/sittaunam.org\/wp-content\/uploads\/2019\/10\/img-20191002-wa0143-768x384.jpg 768w\" sizes=\"(max-width: 1160px) 100vw, 1160px\" \/><\/figure>\n\n\n\n<figure class=\"wp-block-image size-large\"><img decoding=\"async\" width=\"1040\" height=\"780\" src=\"https:\/\/sittaunam19.files.wordpress.com\/2019\/10\/img-20191002-wa0134.jpg?w=1024\" alt=\"\" class=\"wp-image-328\" srcset=\"https:\/\/sittaunam.org\/wp-content\/uploads\/2019\/10\/img-20191002-wa0134.jpg 1040w, https:\/\/sittaunam.org\/wp-content\/uploads\/2019\/10\/img-20191002-wa0134-300x225.jpg 300w, https:\/\/sittaunam.org\/wp-content\/uploads\/2019\/10\/img-20191002-wa0134-1024x768.jpg 1024w, https:\/\/sittaunam.org\/wp-content\/uploads\/2019\/10\/img-20191002-wa0134-768x576.jpg 768w\" sizes=\"(max-width: 1040px) 100vw, 1040px\" \/><\/figure>\n\n\n\n<figure class=\"wp-block-image size-large\"><img loading=\"lazy\" decoding=\"async\" width=\"720\" height=\"960\" src=\"https:\/\/sittaunam19.files.wordpress.com\/2019\/10\/presentacic3b3n7.jpg?w=712\" alt=\"\" class=\"wp-image-299\" srcset=\"https:\/\/sittaunam.org\/wp-content\/uploads\/2019\/10\/presentacic3b3n7.jpg 720w, https:\/\/sittaunam.org\/wp-content\/uploads\/2019\/10\/presentacic3b3n7-225x300.jpg 225w\" sizes=\"(max-width: 720px) 100vw, 720px\" \/><\/figure>\n\n\n\n<p>1.  <a href=\"http:\/\/tlatelolco1968.camacho.com.mx\/principal.html\">http:\/\/tlatelolco1968.camacho.com.mx\/principal.html<\/a> <\/p>\n\n\n\n<h2 class=\"wp-block-heading\">26 de septiembre<\/h2>\n\n\n\n<p>En 2014 desaparecieron 43 estudiantes de la Escuela Normal Rural &#8220;Isidro Burgos&#8221;, en Guerrrero. Se preparaban para asistir a la conmemoraci\u00f3n del 2 de octubre&#8230;<\/p>\n\n\n\n<p>&#8220;El saldo de la cruenta noche de Iguala fue brutal: 43 j\u00f3venes estudiantes que siguen desaparecidos; 6 personas ejecutadas, entre ellas 3 normalistas, incluyendo el caso de un joven cuyo cuerpo apareci\u00f3 al d\u00eda siguiente en un paraje inhabitado con claras muestras de tortura&#8221; (2)<\/p>\n\n\n\n<figure class=\"wp-block-image size-large\"><img loading=\"lazy\" decoding=\"async\" width=\"960\" height=\"1280\" src=\"https:\/\/sittaunam19.files.wordpress.com\/2019\/10\/img-20190926-wa0040.jpg?w=768\" alt=\"\" class=\"wp-image-339\" srcset=\"https:\/\/sittaunam.org\/wp-content\/uploads\/2019\/10\/img-20190926-wa0040.jpg 960w, https:\/\/sittaunam.org\/wp-content\/uploads\/2019\/10\/img-20190926-wa0040-225x300.jpg 225w, https:\/\/sittaunam.org\/wp-content\/uploads\/2019\/10\/img-20190926-wa0040-768x1024.jpg 768w\" sizes=\"(max-width: 960px) 100vw, 960px\" \/><\/figure>\n\n\n\n<figure class=\"wp-block-image size-large\"><img loading=\"lazy\" decoding=\"async\" width=\"1040\" height=\"780\" src=\"https:\/\/sittaunam19.files.wordpress.com\/2019\/10\/img-20190926-wa0055.jpg?w=1024\" alt=\"\" class=\"wp-image-340\" srcset=\"https:\/\/sittaunam.org\/wp-content\/uploads\/2019\/10\/img-20190926-wa0055.jpg 1040w, https:\/\/sittaunam.org\/wp-content\/uploads\/2019\/10\/img-20190926-wa0055-300x225.jpg 300w, https:\/\/sittaunam.org\/wp-content\/uploads\/2019\/10\/img-20190926-wa0055-1024x768.jpg 1024w, https:\/\/sittaunam.org\/wp-content\/uploads\/2019\/10\/img-20190926-wa0055-768x576.jpg 768w\" sizes=\"(max-width: 1040px) 100vw, 1040px\" \/><\/figure>\n\n\n\n<figure class=\"wp-block-image size-large\"><img loading=\"lazy\" decoding=\"async\" width=\"1040\" height=\"780\" src=\"https:\/\/sittaunam19.files.wordpress.com\/2019\/10\/img-20190926-wa0059.jpg?w=1024\" alt=\"\" class=\"wp-image-341\" srcset=\"https:\/\/sittaunam.org\/wp-content\/uploads\/2019\/10\/img-20190926-wa0059.jpg 1040w, https:\/\/sittaunam.org\/wp-content\/uploads\/2019\/10\/img-20190926-wa0059-300x225.jpg 300w, https:\/\/sittaunam.org\/wp-content\/uploads\/2019\/10\/img-20190926-wa0059-1024x768.jpg 1024w, https:\/\/sittaunam.org\/wp-content\/uploads\/2019\/10\/img-20190926-wa0059-768x576.jpg 768w\" sizes=\"(max-width: 1040px) 100vw, 1040px\" \/><\/figure>\n\n\n\n<figure class=\"wp-block-image size-large\"><img loading=\"lazy\" decoding=\"async\" width=\"853\" height=\"1280\" src=\"https:\/\/sittaunam19.files.wordpress.com\/2019\/09\/img-20190922-wa0010.jpg?w=682\" alt=\"\" class=\"wp-image-283\" srcset=\"https:\/\/sittaunam.org\/wp-content\/uploads\/2019\/09\/img-20190922-wa0010.jpg 853w, https:\/\/sittaunam.org\/wp-content\/uploads\/2019\/09\/img-20190922-wa0010-200x300.jpg 200w, https:\/\/sittaunam.org\/wp-content\/uploads\/2019\/09\/img-20190922-wa0010-682x1024.jpg 682w, https:\/\/sittaunam.org\/wp-content\/uploads\/2019\/09\/img-20190922-wa0010-768x1152.jpg 768w\" sizes=\"(max-width: 853px) 100vw, 853px\" \/><\/figure>\n\n\n\n<p><strong> <\/strong>2.  <a href=\"https:\/\/centroprodh.org.mx\/casos-3\/ayotzinapa\/\">https:\/\/centroprodh.org.mx\/casos-3\/ayotzinapa\/<\/a> <\/p>\n","protected":false},"excerpt":{"rendered":"<p>2 de octubre Ante uno de los hechos m\u00e1s tr\u00e1gicos de la historia de M\u00e9xico, no podemos permitirnos que desaparezca de la memoria individual y colectiva la llamada matanza de Tlatelolco, no podemos permitir que pase de largo un hecho que sigue impune y que es un crimen de Estado. &#8220;Los del guante son paramilitares de Guardias Presidenciales. Un ej\u00e9rcito dentro del Ej\u00e9rcito. Son gente del Estado Mayor Presidencial. Fueron ellos los que abrieron el fuego contra los estudiantes.&#8221; (1) 1. http:\/\/tlatelolco1968.camacho.com.mx\/principal.html 26 de septiembre En 2014 desaparecieron 43 estudiantes de la Escuela Normal Rural &#8220;Isidro Burgos&#8221;, en Guerrrero. Se preparaban para asistir a la conmemoraci\u00f3n del 2 de octubre&#8230; &#8220;El saldo de la cruenta noche de Iguala fue brutal: 43 j\u00f3venes estudiantes que siguen desaparecidos; 6 personas ejecutadas, entre ellas 3 normalistas, incluyendo el caso de un joven cuyo cuerpo apareci\u00f3 al d\u00eda siguiente en un paraje inhabitado con claras muestras de tortura&#8221; (2) 2. https:\/\/centroprodh.org.mx\/casos-3\/ayotzinapa\/<\/p>\n","protected":false},"author":1,"featured_media":0,"comment_status":"open","ping_status":"open","sticky":false,"template":"","format":"standard","meta":{"site-sidebar-layout":"default","site-content-layout":"","ast-site-content-layout":"default","site-content-style":"default","site-sidebar-style":"default","ast-global-header-display":"","ast-banner-title-visibility":"","ast-main-header-display":"","ast-hfb-above-header-display":"","ast-hfb-below-header-display":"","ast-hfb-mobile-header-display":"","site-post-title":"","ast-breadcrumbs-content":"","ast-featured-img":"","footer-sml-layout":"","ast-disable-related-posts":"","theme-transparent-header-meta":"","adv-header-id-meta":"","stick-header-meta":"","header-above-stick-meta":"","header-main-stick-meta":"","header-below-stick-meta":"","astra-migrate-meta-layouts":"default","ast-page-background-enabled":"default","ast-page-background-meta":{"desktop":{"background-color":"var(--ast-global-color-5)","background-image":"","background-repeat":"repeat","background-position":"center center","background-size":"auto","background-attachment":"scroll","background-type":"","background-media":"","overlay-type":"","overlay-color":"","overlay-opacity":"","overlay-gradient":""},"tablet":{"background-color":"","background-image":"","background-repeat":"repeat","background-position":"center center","background-size":"auto","background-attachment":"scroll","background-type":"","background-media":"","overlay-type":"","overlay-color":"","overlay-opacity":"","overlay-gradient":""},"mobile":{"background-color":"","background-image":"","background-repeat":"repeat","background-position":"center center","background-size":"auto","background-attachment":"scroll","background-type":"","background-media":"","overlay-type":"","overlay-color":"","overlay-opacity":"","overlay-gradient":""}},"ast-content-background-meta":{"desktop":{"background-color":"var(--ast-global-color-4)","background-image":"","background-repeat":"repeat","background-position":"center center","background-size":"auto","background-attachment":"scroll","background-type":"","background-media":"","overlay-type":"","overlay-color":"","overlay-opacity":"","overlay-gradient":""},"tablet":{"background-color":"var(--ast-global-color-4)","background-image":"","background-repeat":"repeat","background-position":"center center","background-size":"auto","background-attachment":"scroll","background-type":"","background-media":"","overlay-type":"","overlay-color":"","overlay-opacity":"","overlay-gradient":""},"mobile":{"background-color":"var(--ast-global-color-4)","background-image":"","background-repeat":"repeat","background-position":"center center","background-size":"auto","background-attachment":"scroll","background-type":"","background-media":"","overlay-type":"","overlay-color":"","overlay-opacity":"","overlay-gradient":""}},"footnotes":""},"categories":[5],"tags":[],"class_list":["post-312","post","type-post","status-publish","format-standard","hentry","category-posicionamientos-solidarios"],"_links":{"self":[{"href":"https:\/\/sittaunam.org\/index.php\/wp-json\/wp\/v2\/posts\/312","targetHints":{"allow":["GET"]}}],"collection":[{"href":"https:\/\/sittaunam.org\/index.php\/wp-json\/wp\/v2\/posts"}],"about":[{"href":"https:\/\/sittaunam.org\/index.php\/wp-json\/wp\/v2\/types\/post"}],"author":[{"embeddable":true,"href":"https:\/\/sittaunam.org\/index.php\/wp-json\/wp\/v2\/users\/1"}],"replies":[{"embeddable":true,"href":"https:\/\/sittaunam.org\/index.php\/wp-json\/wp\/v2\/comments?post=312"}],"version-history":[{"count":0,"href":"https:\/\/sittaunam.org\/index.php\/wp-json\/wp\/v2\/posts\/312\/revisions"}],"wp:attachment":[{"href":"https:\/\/sittaunam.org\/index.php\/wp-json\/wp\/v2\/media?parent=312"}],"wp:term":[{"taxonomy":"category","embeddable":true,"href":"https:\/\/sittaunam.org\/index.php\/wp-json\/wp\/v2\/categories?post=312"},{"taxonomy":"post_tag","embeddable":true,"href":"https:\/\/sittaunam.org\/index.php\/wp-json\/wp\/v2\/tags?post=312"}],"curies":[{"name":"wp","href":"https:\/\/api.w.org\/{rel}","templated":true}]}}