{"id":385,"date":"2019-10-11T04:09:29","date_gmt":"2019-10-11T04:09:29","guid":{"rendered":"https:\/\/sittaunam19.wordpress.com\/?p=385"},"modified":"2019-10-11T04:09:29","modified_gmt":"2019-10-11T04:09:29","slug":"acto-politico-del-sittaunam-en-rectoria-10-de-octubre","status":"publish","type":"post","link":"https:\/\/sittaunam.org\/index.php\/2019\/10\/11\/acto-politico-del-sittaunam-en-rectoria-10-de-octubre\/","title":{"rendered":"Acto pol\u00edtico del SITTAUNAM en Rector\u00eda &#8211; 10 de octubre"},"content":{"rendered":"\n<p>El d\u00eda de hoy, jueves 10 de octubre, profesores de la UNAM nos reunimos frente a Rector\u00eda para manifestar dos pronunciamientos. En el primero se exige que se cumplan las peticiones del documento entregado el pasado 11 de septiembre por nuestro sindicato a la Rector\u00eda, en el cual se incluye la petici\u00f3n de una mesa de trabajo para la presentaci\u00f3n de un Programa Especial de Estabilidad Laboral para Profesores y Profesoras de la UNAM<strong>. A\u00fan no se ha recibido respuesta<\/strong>. <\/p>\n\n\n\n<p>En el primer pronunciamiento tambi\u00e9n se exige definitividad para todo el profesorado, la ampliaci\u00f3n de los derechos colectivos a trav\u00e9s de la apertura de plazas de medio tiempo y tiempo completo, el incremento salarial, la integraci\u00f3n de los est\u00edmulos al salario, la aplicaci\u00f3n de un verdadero programa de austeridad para altos funcionarios de la UNAM, mejores condiciones de trabajo con grupos de m\u00ednimo 7 y m\u00e1ximo 24 estudiantes por grupo, la abrogaci\u00f3n del Subprograma de Incorporaci\u00f3n de J\u00f3venes Acad\u00e9micos (SIJA), perteneciente al Programa de Renovaci\u00f3n de la Planta Acad\u00e9mica y eliminar la figura de ayudantes meritorios.<\/p>\n\n\n\n<div class=\"wp-block-file\"><a href=\"https:\/\/sittaunam19.files.wordpress.com\/2019\/10\/posicionamiento-01.pdf\">posicionamiento-01<\/a><a href=\"https:\/\/sittaunam19.files.wordpress.com\/2019\/10\/posicionamiento-01.pdf\" class=\"wp-block-file__button\" download>Descarga<\/a><\/div>\n\n\n\n<p>En el segundo posicionamiento expresamos nuestro rechazo a los m\u00e9todos antidemocr\u00e1ticos de elecci\u00f3n de rector, que si bien no son ilegales, s\u00ed son socialmente injustos en tanto que la junta de gobierno no es un \u00f3rgano de representaci\u00f3n de los distintos sectores de la universidad.<\/p>\n\n\n\n<div class=\"wp-block-file\"><a href=\"https:\/\/sittaunam19.files.wordpress.com\/2019\/10\/posicionamiento-02.pdf\">posicionamiento-02<\/a><a href=\"https:\/\/sittaunam19.files.wordpress.com\/2019\/10\/posicionamiento-02.pdf\" class=\"wp-block-file__button\" download>Descarga<\/a><\/div>\n\n\n\n<figure class=\"wp-block-image size-large\"><img fetchpriority=\"high\" decoding=\"async\" width=\"1040\" height=\"780\" src=\"https:\/\/sittaunam19.files.wordpress.com\/2019\/10\/20191010_2259091.jpg?w=1024\" alt=\"\" class=\"wp-image-378\" srcset=\"https:\/\/sittaunam.org\/wp-content\/uploads\/2019\/10\/20191010_2259091.jpg 1040w, https:\/\/sittaunam.org\/wp-content\/uploads\/2019\/10\/20191010_2259091-300x225.jpg 300w, https:\/\/sittaunam.org\/wp-content\/uploads\/2019\/10\/20191010_2259091-1024x768.jpg 1024w, https:\/\/sittaunam.org\/wp-content\/uploads\/2019\/10\/20191010_2259091-768x576.jpg 768w\" sizes=\"(max-width: 1040px) 100vw, 1040px\" \/><\/figure>\n\n\n\n<figure class=\"wp-block-image size-large\"><img decoding=\"async\" src=\"https:\/\/sittaunam19.files.wordpress.com\/2019\/10\/dsc_00371.jpg?w=1024\" alt=\"\" class=\"wp-image-370\" \/><\/figure>\n\n\n\n<figure class=\"wp-block-image size-large\"><img decoding=\"async\" src=\"https:\/\/sittaunam19.files.wordpress.com\/2019\/10\/dsc_00391.jpg?w=1024\" alt=\"\" class=\"wp-image-371\" \/><\/figure>\n\n\n\n<figure class=\"wp-block-image size-large\"><img decoding=\"async\" width=\"1280\" height=\"960\" src=\"https:\/\/sittaunam19.files.wordpress.com\/2019\/10\/img-20191010-wa00651.jpg?w=1024\" alt=\"\" class=\"wp-image-377\" srcset=\"https:\/\/sittaunam.org\/wp-content\/uploads\/2019\/10\/img-20191010-wa00651.jpg 1280w, https:\/\/sittaunam.org\/wp-content\/uploads\/2019\/10\/img-20191010-wa00651-300x225.jpg 300w, https:\/\/sittaunam.org\/wp-content\/uploads\/2019\/10\/img-20191010-wa00651-1024x768.jpg 1024w, https:\/\/sittaunam.org\/wp-content\/uploads\/2019\/10\/img-20191010-wa00651-768x576.jpg 768w\" sizes=\"(max-width: 1280px) 100vw, 1280px\" \/><\/figure>\n\n\n\n<p>En La Izquierda Diario <\/p>\n\n\n\n<figure class=\"wp-block-image size-large\"><img decoding=\"async\" width=\"863\" height=\"775\" src=\"https:\/\/sittaunam19.files.wordpress.com\/2019\/10\/sin-tc3adtulo-3.jpg?w=863\" alt=\"\" class=\"wp-image-389\" srcset=\"https:\/\/sittaunam.org\/wp-content\/uploads\/2019\/10\/sin-tc3adtulo-3.jpg 863w, https:\/\/sittaunam.org\/wp-content\/uploads\/2019\/10\/sin-tc3adtulo-3-300x269.jpg 300w, https:\/\/sittaunam.org\/wp-content\/uploads\/2019\/10\/sin-tc3adtulo-3-768x690.jpg 768w\" sizes=\"(max-width: 863px) 100vw, 863px\" \/><\/figure>\n\n\n\n<p>http:\/\/www.laizquierdadiario.com.mx\/Docentes-realizaron-mitin-frente-a-Rectoria<\/p>\n\n\n\n<p>En el Diario Basta:<\/p>\n\n\n\n<figure class=\"wp-block-image size-large\"><img loading=\"lazy\" decoding=\"async\" width=\"673\" height=\"715\" src=\"https:\/\/sittaunam19.files.wordpress.com\/2019\/10\/sin-tc3adtulo2.jpg?w=673\" alt=\"\" class=\"wp-image-374\" srcset=\"https:\/\/sittaunam.org\/wp-content\/uploads\/2019\/10\/sin-tc3adtulo2.jpg 673w, https:\/\/sittaunam.org\/wp-content\/uploads\/2019\/10\/sin-tc3adtulo2-282x300.jpg 282w\" sizes=\"(max-width: 673px) 100vw, 673px\" \/><\/figure>\n\n\n\n<p>Puedes ver los videos del acto pol\u00edtico en nuestro sitio de facebook<\/p>\n\n\n\n<figure class=\"wp-block-embed-facebook wp-block-embed is-type-rich\">[facebook url=&#8221;https:\/\/www.facebook.com\/SittaunamOficial\/videos\/vb.112969173406265\/&#8221; \/]<\/figure>\n\n\n\n<h2 class=\"wp-block-heading\">Invitaci\u00f3n al Acto Pol\u00edtico del 10 de octubre<\/h2>\n\n\n\n<figure class=\"wp-block-image size-large\"><img loading=\"lazy\" decoding=\"async\" width=\"1280\" height=\"720\" src=\"https:\/\/sittaunam19.files.wordpress.com\/2019\/10\/cartel10oct.jpg?w=1024\" alt=\"\" class=\"wp-image-308\" srcset=\"https:\/\/sittaunam.org\/wp-content\/uploads\/2019\/10\/cartel10oct.jpg 1280w, https:\/\/sittaunam.org\/wp-content\/uploads\/2019\/10\/cartel10oct-300x169.jpg 300w, https:\/\/sittaunam.org\/wp-content\/uploads\/2019\/10\/cartel10oct-1024x576.jpg 1024w, https:\/\/sittaunam.org\/wp-content\/uploads\/2019\/10\/cartel10oct-768x432.jpg 768w\" sizes=\"(max-width: 1280px) 100vw, 1280px\" \/><\/figure>\n\n\n\n<p>Les invitamos cordialmente al Acto Pol\u00edtico que se llevar\u00e1 a cabo el pr\u00f3ximo jueves 10 de octubre, a partir de las 16:00 horas, en frente del edificio de Rector\u00eda, en Ciudad Universitaria. <\/p>\n\n\n\n<p>Ante las condiciones precarias en las\nque labora el personal docente de la UNAM, y como resultado de la iniciativa\nimpulsada desde hace varios a\u00f1os por la Asamblea de Profesores, el 16 de agosto\nse conform\u00f3 el Sindicato Independiente de Trabajadoras y Trabajadores\nAcad\u00e9micos de la UNAM (SITTAUNAM). Tenemos como principio la lucha por la\nmejora de las condiciones laborales y la democratizaci\u00f3n de la UNAM, es por\nello que hemos organizado este acto en el que<strong> daremos a conocer nuestra\nposici\u00f3n frente al proceso de cambio de rector, as\u00ed como evidenciar las\npol\u00edticas que han provocado la discontinuidad laboral y la reducci\u00f3n en la\nremuneraci\u00f3n de los profesores de la UNAM<\/strong>. &nbsp;<\/p>\n\n\n\n<p><strong>Sindicato Independiente de Trabajadoras y Trabajadores Acad\u00e9micos de la UNAM<\/strong><\/p>\n\n\n\n<p>\u00a1Por la dignificaci\u00f3n del trabajo acad\u00e9mico y la democratizaci\u00f3n de la UNAM!<\/p>\n\n\n\n<figure class=\"wp-block-image size-large\"><img loading=\"lazy\" decoding=\"async\" width=\"1280\" height=\"593\" src=\"https:\/\/sittaunam19.files.wordpress.com\/2019\/10\/img-20191008-wa0038.jpg?w=1024\" alt=\"\" class=\"wp-image-345\" srcset=\"https:\/\/sittaunam.org\/wp-content\/uploads\/2019\/10\/img-20191008-wa0038.jpg 1280w, https:\/\/sittaunam.org\/wp-content\/uploads\/2019\/10\/img-20191008-wa0038-300x139.jpg 300w, https:\/\/sittaunam.org\/wp-content\/uploads\/2019\/10\/img-20191008-wa0038-1024x474.jpg 1024w, https:\/\/sittaunam.org\/wp-content\/uploads\/2019\/10\/img-20191008-wa0038-768x356.jpg 768w\" sizes=\"(max-width: 1280px) 100vw, 1280px\" \/><\/figure>\n\n\n\n<figure class=\"wp-block-image size-large\"><img loading=\"lazy\" decoding=\"async\" width=\"1280\" height=\"751\" src=\"https:\/\/sittaunam19.files.wordpress.com\/2019\/10\/img-20191009-wa0016.jpg?w=1024\" alt=\"\" class=\"wp-image-346\" srcset=\"https:\/\/sittaunam.org\/wp-content\/uploads\/2019\/10\/img-20191009-wa0016.jpg 1280w, https:\/\/sittaunam.org\/wp-content\/uploads\/2019\/10\/img-20191009-wa0016-300x176.jpg 300w, https:\/\/sittaunam.org\/wp-content\/uploads\/2019\/10\/img-20191009-wa0016-1024x601.jpg 1024w, https:\/\/sittaunam.org\/wp-content\/uploads\/2019\/10\/img-20191009-wa0016-768x451.jpg 768w\" sizes=\"(max-width: 1280px) 100vw, 1280px\" \/><\/figure>\n","protected":false},"excerpt":{"rendered":"<p>El d\u00eda de hoy, jueves 10 de octubre, profesores de la UNAM nos reunimos frente a Rector\u00eda para manifestar dos pronunciamientos. En el primero se exige que se cumplan las peticiones del documento entregado el pasado 11 de septiembre por nuestro sindicato a la Rector\u00eda, en el cual se incluye la petici\u00f3n de una mesa de trabajo para la presentaci\u00f3n de un Programa Especial de Estabilidad Laboral para Profesores y Profesoras de la UNAM. A\u00fan no se ha recibido respuesta. En el primer pronunciamiento tambi\u00e9n se exige definitividad para todo el profesorado, la ampliaci\u00f3n de los derechos colectivos a trav\u00e9s de la apertura de plazas de medio tiempo y tiempo completo, el incremento salarial, la integraci\u00f3n de los est\u00edmulos al salario, la aplicaci\u00f3n de un verdadero programa de austeridad para altos funcionarios de la UNAM, mejores condiciones de trabajo con grupos de m\u00ednimo 7 y m\u00e1ximo 24 estudiantes por grupo, la abrogaci\u00f3n del Subprograma de Incorporaci\u00f3n de J\u00f3venes Acad\u00e9micos (SIJA), perteneciente al Programa de Renovaci\u00f3n de la Planta Acad\u00e9mica y eliminar la figura de ayudantes meritorios. En el segundo posicionamiento expresamos nuestro rechazo a los m\u00e9todos antidemocr\u00e1ticos de elecci\u00f3n de rector, que si bien no son ilegales, s\u00ed son socialmente injustos en tanto que la junta de gobierno no es un \u00f3rgano de representaci\u00f3n de los distintos sectores de la universidad. En La Izquierda Diario http:\/\/www.laizquierdadiario.com.mx\/Docentes-realizaron-mitin-frente-a-Rectoria En el Diario Basta: Puedes ver los videos del acto pol\u00edtico en nuestro sitio de facebook Invitaci\u00f3n al Acto Pol\u00edtico del 10 de octubre Les invitamos cordialmente al Acto Pol\u00edtico que se llevar\u00e1 a cabo el pr\u00f3ximo jueves 10 de octubre, a partir de las 16:00 horas, en frente del edificio de Rector\u00eda, en Ciudad Universitaria. Ante las condiciones precarias en las que labora el personal docente de la UNAM, y como resultado de la iniciativa impulsada desde hace varios a\u00f1os por la Asamblea de Profesores, el 16 de agosto se conform\u00f3 el Sindicato Independiente de Trabajadoras y Trabajadores Acad\u00e9micos de la UNAM (SITTAUNAM). Tenemos como principio la lucha por la mejora de las condiciones laborales y la democratizaci\u00f3n de la UNAM, es por ello que hemos organizado este acto en el que daremos a conocer nuestra posici\u00f3n frente al proceso de cambio de rector, as\u00ed como evidenciar las pol\u00edticas que han provocado la discontinuidad laboral y la reducci\u00f3n en la remuneraci\u00f3n de los profesores de la UNAM. &nbsp; Sindicato Independiente de Trabajadoras y Trabajadores Acad\u00e9micos de la UNAM \u00a1Por la dignificaci\u00f3n del trabajo acad\u00e9mico y la democratizaci\u00f3n de la UNAM!<\/p>\n","protected":false},"author":1,"featured_media":0,"comment_status":"open","ping_status":"open","sticky":false,"template":"","format":"standard","meta":{"site-sidebar-layout":"default","site-content-layout":"","ast-site-content-layout":"default","site-content-style":"default","site-sidebar-style":"default","ast-global-header-display":"","ast-banner-title-visibility":"","ast-main-header-display":"","ast-hfb-above-header-display":"","ast-hfb-below-header-display":"","ast-hfb-mobile-header-display":"","site-post-title":"","ast-breadcrumbs-content":"","ast-featured-img":"","footer-sml-layout":"","ast-disable-related-posts":"","theme-transparent-header-meta":"","adv-header-id-meta":"","stick-header-meta":"","header-above-stick-meta":"","header-main-stick-meta":"","header-below-stick-meta":"","astra-migrate-meta-layouts":"default","ast-page-background-enabled":"default","ast-page-background-meta":{"desktop":{"background-color":"var(--ast-global-color-5)","background-image":"","background-repeat":"repeat","background-position":"center center","background-size":"auto","background-attachment":"scroll","background-type":"","background-media":"","overlay-type":"","overlay-color":"","overlay-opacity":"","overlay-gradient":""},"tablet":{"background-color":"","background-image":"","background-repeat":"repeat","background-position":"center center","background-size":"auto","background-attachment":"scroll","background-type":"","background-media":"","overlay-type":"","overlay-color":"","overlay-opacity":"","overlay-gradient":""},"mobile":{"background-color":"","background-image":"","background-repeat":"repeat","background-position":"center center","background-size":"auto","background-attachment":"scroll","background-type":"","background-media":"","overlay-type":"","overlay-color":"","overlay-opacity":"","overlay-gradient":""}},"ast-content-background-meta":{"desktop":{"background-color":"var(--ast-global-color-4)","background-image":"","background-repeat":"repeat","background-position":"center center","background-size":"auto","background-attachment":"scroll","background-type":"","background-media":"","overlay-type":"","overlay-color":"","overlay-opacity":"","overlay-gradient":""},"tablet":{"background-color":"var(--ast-global-color-4)","background-image":"","background-repeat":"repeat","background-position":"center center","background-size":"auto","background-attachment":"scroll","background-type":"","background-media":"","overlay-type":"","overlay-color":"","overlay-opacity":"","overlay-gradient":""},"mobile":{"background-color":"var(--ast-global-color-4)","background-image":"","background-repeat":"repeat","background-position":"center center","background-size":"auto","background-attachment":"scroll","background-type":"","background-media":"","overlay-type":"","overlay-color":"","overlay-opacity":"","overlay-gradient":""}},"footnotes":""},"categories":[1],"tags":[],"class_list":["post-385","post","type-post","status-publish","format-standard","hentry","category-sin-categoria"],"_links":{"self":[{"href":"https:\/\/sittaunam.org\/index.php\/wp-json\/wp\/v2\/posts\/385","targetHints":{"allow":["GET"]}}],"collection":[{"href":"https:\/\/sittaunam.org\/index.php\/wp-json\/wp\/v2\/posts"}],"about":[{"href":"https:\/\/sittaunam.org\/index.php\/wp-json\/wp\/v2\/types\/post"}],"author":[{"embeddable":true,"href":"https:\/\/sittaunam.org\/index.php\/wp-json\/wp\/v2\/users\/1"}],"replies":[{"embeddable":true,"href":"https:\/\/sittaunam.org\/index.php\/wp-json\/wp\/v2\/comments?post=385"}],"version-history":[{"count":0,"href":"https:\/\/sittaunam.org\/index.php\/wp-json\/wp\/v2\/posts\/385\/revisions"}],"wp:attachment":[{"href":"https:\/\/sittaunam.org\/index.php\/wp-json\/wp\/v2\/media?parent=385"}],"wp:term":[{"taxonomy":"category","embeddable":true,"href":"https:\/\/sittaunam.org\/index.php\/wp-json\/wp\/v2\/categories?post=385"},{"taxonomy":"post_tag","embeddable":true,"href":"https:\/\/sittaunam.org\/index.php\/wp-json\/wp\/v2\/tags?post=385"}],"curies":[{"name":"wp","href":"https:\/\/api.w.org\/{rel}","templated":true}]}}