{"id":535,"date":"2019-11-16T23:51:31","date_gmt":"2019-11-16T23:51:31","guid":{"rendered":"https:\/\/sittaunam19.wordpress.com\/?p=535"},"modified":"2019-11-16T23:51:31","modified_gmt":"2019-11-16T23:51:31","slug":"sobre-el-centro-federal-de-conciliacion-y-registro-laboral","status":"publish","type":"post","link":"https:\/\/sittaunam.org\/index.php\/2019\/11\/16\/sobre-el-centro-federal-de-conciliacion-y-registro-laboral\/","title":{"rendered":"Sobre el Centro Federal de Conciliaci\u00f3n y Registro Laboral"},"content":{"rendered":"\n<p> La Constituci\u00f3n Pol\u00edtica de los Estados Unidos Mexicanos de 1917 en su art\u00edculo 123 fracci\u00f3n XX, instituy\u00f3 las Juntas de Conciliaci\u00f3n y Arbitraje como \u00f3rganos p\u00fablicos para resolver las diferencias o conflictos entre el capital y el trabajo (1).<\/p>\n\n\n\n<p>Las juntas de conciliaci\u00f3n y arbitraje han tenido el prop\u00f3sito de resolver los conflictos laborales que surgen dentro dentro de las distintas competencias territoriales, a trav\u00e9s de la conciliaci\u00f3n y el arbitraje. <\/p>\n\n\n\n<p>Recientemente (el pasado 14 de noviembre) sali\u00f3 una nota publicada en el peri\u00f3dico La Jornada en la que menciona que el senado aprob\u00f3 la constituci\u00f3n del Centro Federal de Conciliaci\u00f3n y Registro Laboral, para la resoluci\u00f3n de conflictos obrero-patronales, en tanto que las juntas de Conciliaci\u00f3n y Arbitraje desaparecen.<\/p>\n\n\n\n<figure class=\"wp-block-image size-large\"><img fetchpriority=\"high\" decoding=\"async\" width=\"780\" height=\"1040\" src=\"https:\/\/sittaunam19.files.wordpress.com\/2019\/11\/img-20191114-wa0011.jpg?w=768\" alt=\"\" class=\"wp-image-513\" srcset=\"https:\/\/sittaunam.org\/wp-content\/uploads\/2019\/11\/img-20191114-wa0011.jpg 780w, https:\/\/sittaunam.org\/wp-content\/uploads\/2019\/11\/img-20191114-wa0011-225x300.jpg 225w, https:\/\/sittaunam.org\/wp-content\/uploads\/2019\/11\/img-20191114-wa0011-768x1024.jpg 768w\" sizes=\"(max-width: 780px) 100vw, 780px\" \/><\/figure>\n\n\n\n<p>Tomado de &#8220;La Jornada&#8221; &#8211; 14 noviembre (2)<\/p>\n\n\n\n<figure class=\"wp-block-image size-large\"><img decoding=\"async\" width=\"780\" height=\"1040\" src=\"https:\/\/sittaunam19.files.wordpress.com\/2019\/11\/img-20191116-wa0024.jpg?w=768\" alt=\"\" class=\"wp-image-537\" srcset=\"https:\/\/sittaunam.org\/wp-content\/uploads\/2019\/11\/img-20191116-wa0024.jpg 780w, https:\/\/sittaunam.org\/wp-content\/uploads\/2019\/11\/img-20191116-wa0024-225x300.jpg 225w, https:\/\/sittaunam.org\/wp-content\/uploads\/2019\/11\/img-20191116-wa0024-768x1024.jpg 768w\" sizes=\"(max-width: 780px) 100vw, 780px\" \/><\/figure>\n\n\n\n<p>Fuentes Consultadas<\/p>\n\n\n\n<ol class=\"wp-block-list\"><li> <a href=\"http:\/\/www.juntalocal.cdmx.gob.mx\/\">http:\/\/www.juntalocal.cdmx.gob.mx\/<\/a> <\/li><\/ol>\n\n\n\n<p>2.  <a href=\"https:\/\/www.jornada.com.mx\/2019\/11\/14\/politica\/018n1pol\">https:\/\/www.jornada.com.mx\/2019\/11\/14\/politica\/018n1pol<\/a> <\/p>\n\n\n\n<p><\/p>\n\n\n\n<p><\/p>\n","protected":false},"excerpt":{"rendered":"<p>La Constituci\u00f3n Pol\u00edtica de los Estados Unidos Mexicanos de 1917 en su art\u00edculo 123 fracci\u00f3n XX, instituy\u00f3 las Juntas de Conciliaci\u00f3n y Arbitraje como \u00f3rganos p\u00fablicos para resolver las diferencias o conflictos entre el capital y el trabajo (1). Las juntas de conciliaci\u00f3n y arbitraje han tenido el prop\u00f3sito de resolver los conflictos laborales que surgen dentro dentro de las distintas competencias territoriales, a trav\u00e9s de la conciliaci\u00f3n y el arbitraje. Recientemente (el pasado 14 de noviembre) sali\u00f3 una nota publicada en el peri\u00f3dico La Jornada en la que menciona que el senado aprob\u00f3 la constituci\u00f3n del Centro Federal de Conciliaci\u00f3n y Registro Laboral, para la resoluci\u00f3n de conflictos obrero-patronales, en tanto que las juntas de Conciliaci\u00f3n y Arbitraje desaparecen. Tomado de &#8220;La Jornada&#8221; &#8211; 14 noviembre (2) Fuentes Consultadas http:\/\/www.juntalocal.cdmx.gob.mx\/ 2. https:\/\/www.jornada.com.mx\/2019\/11\/14\/politica\/018n1pol<\/p>\n","protected":false},"author":1,"featured_media":0,"comment_status":"open","ping_status":"open","sticky":false,"template":"","format":"standard","meta":{"site-sidebar-layout":"default","site-content-layout":"","ast-site-content-layout":"default","site-content-style":"default","site-sidebar-style":"default","ast-global-header-display":"","ast-banner-title-visibility":"","ast-main-header-display":"","ast-hfb-above-header-display":"","ast-hfb-below-header-display":"","ast-hfb-mobile-header-display":"","site-post-title":"","ast-breadcrumbs-content":"","ast-featured-img":"","footer-sml-layout":"","ast-disable-related-posts":"","theme-transparent-header-meta":"","adv-header-id-meta":"","stick-header-meta":"","header-above-stick-meta":"","header-main-stick-meta":"","header-below-stick-meta":"","astra-migrate-meta-layouts":"default","ast-page-background-enabled":"default","ast-page-background-meta":{"desktop":{"background-color":"var(--ast-global-color-5)","background-image":"","background-repeat":"repeat","background-position":"center center","background-size":"auto","background-attachment":"scroll","background-type":"","background-media":"","overlay-type":"","overlay-color":"","overlay-opacity":"","overlay-gradient":""},"tablet":{"background-color":"","background-image":"","background-repeat":"repeat","background-position":"center center","background-size":"auto","background-attachment":"scroll","background-type":"","background-media":"","overlay-type":"","overlay-color":"","overlay-opacity":"","overlay-gradient":""},"mobile":{"background-color":"","background-image":"","background-repeat":"repeat","background-position":"center center","background-size":"auto","background-attachment":"scroll","background-type":"","background-media":"","overlay-type":"","overlay-color":"","overlay-opacity":"","overlay-gradient":""}},"ast-content-background-meta":{"desktop":{"background-color":"var(--ast-global-color-4)","background-image":"","background-repeat":"repeat","background-position":"center center","background-size":"auto","background-attachment":"scroll","background-type":"","background-media":"","overlay-type":"","overlay-color":"","overlay-opacity":"","overlay-gradient":""},"tablet":{"background-color":"var(--ast-global-color-4)","background-image":"","background-repeat":"repeat","background-position":"center center","background-size":"auto","background-attachment":"scroll","background-type":"","background-media":"","overlay-type":"","overlay-color":"","overlay-opacity":"","overlay-gradient":""},"mobile":{"background-color":"var(--ast-global-color-4)","background-image":"","background-repeat":"repeat","background-position":"center center","background-size":"auto","background-attachment":"scroll","background-type":"","background-media":"","overlay-type":"","overlay-color":"","overlay-opacity":"","overlay-gradient":""}},"footnotes":""},"categories":[1],"tags":[],"class_list":["post-535","post","type-post","status-publish","format-standard","hentry","category-sin-categoria"],"_links":{"self":[{"href":"https:\/\/sittaunam.org\/index.php\/wp-json\/wp\/v2\/posts\/535","targetHints":{"allow":["GET"]}}],"collection":[{"href":"https:\/\/sittaunam.org\/index.php\/wp-json\/wp\/v2\/posts"}],"about":[{"href":"https:\/\/sittaunam.org\/index.php\/wp-json\/wp\/v2\/types\/post"}],"author":[{"embeddable":true,"href":"https:\/\/sittaunam.org\/index.php\/wp-json\/wp\/v2\/users\/1"}],"replies":[{"embeddable":true,"href":"https:\/\/sittaunam.org\/index.php\/wp-json\/wp\/v2\/comments?post=535"}],"version-history":[{"count":0,"href":"https:\/\/sittaunam.org\/index.php\/wp-json\/wp\/v2\/posts\/535\/revisions"}],"wp:attachment":[{"href":"https:\/\/sittaunam.org\/index.php\/wp-json\/wp\/v2\/media?parent=535"}],"wp:term":[{"taxonomy":"category","embeddable":true,"href":"https:\/\/sittaunam.org\/index.php\/wp-json\/wp\/v2\/categories?post=535"},{"taxonomy":"post_tag","embeddable":true,"href":"https:\/\/sittaunam.org\/index.php\/wp-json\/wp\/v2\/tags?post=535"}],"curies":[{"name":"wp","href":"https:\/\/api.w.org\/{rel}","templated":true}]}}