{"id":739,"date":"2020-02-11T03:52:16","date_gmt":"2020-02-11T03:52:16","guid":{"rendered":"https:\/\/sittaunam19.wordpress.com\/?p=739"},"modified":"2020-02-11T03:52:16","modified_gmt":"2020-02-11T03:52:16","slug":"violencia-paros-e-intereses-en-la-unam","status":"publish","type":"post","link":"https:\/\/sittaunam.org\/index.php\/2020\/02\/11\/violencia-paros-e-intereses-en-la-unam\/","title":{"rendered":"Violencia, paros e intereses en la UNAM"},"content":{"rendered":"\n<figure class=\"wp-block-image size-large\"><img fetchpriority=\"high\" decoding=\"async\" width=\"1520\" height=\"944\" src=\"https:\/\/sittaunam19.files.wordpress.com\/2020\/02\/mural-ismael-ramos-062.jpg?w=1024\" alt=\"\" class=\"wp-image-753\" srcset=\"https:\/\/sittaunam.org\/wp-content\/uploads\/2020\/02\/mural-ismael-ramos-062.jpg 1520w, https:\/\/sittaunam.org\/wp-content\/uploads\/2020\/02\/mural-ismael-ramos-062-300x186.jpg 300w, https:\/\/sittaunam.org\/wp-content\/uploads\/2020\/02\/mural-ismael-ramos-062-1024x636.jpg 1024w, https:\/\/sittaunam.org\/wp-content\/uploads\/2020\/02\/mural-ismael-ramos-062-768x477.jpg 768w\" sizes=\"(max-width: 1520px) 100vw, 1520px\" \/><figcaption>Mural &#8220;La b\u00fasqueda de la justicia&#8221; &#8211; Ismael Ramos<\/figcaption><\/figure>\n\n\n\n<p>En la UNAM, los actos violentos m\u00e1s visibilizados han sido los suscitados por represi\u00f3n, por el actuar de los porros o por las provocaciones, incluso por la incidencia del crimen organizado; sin embargo, hay otras formas de violencia que recientemente se empiezan a visibilizar de manera m\u00e1s contundente (como el acoso y el abuso sistem\u00e1tico) ya que se ha expuesto la frecuencia con la que han estado sucediendo y la impunidad que gozan quienes perpetran dicha violencia de manera reincidente. El acoso, el abuso, as\u00ed como la discriminaci\u00f3n, no son recientes en la comunidad universitaria, tampoco lo son las voces que cuestionan su &#8220;normalizaci\u00f3n&#8221; o su encubrimiento, lo que hoy se plantea es la exigencia de aplicar la justicia y de cambiar esos modos que reproducen la violencia. Las injusticias que no se olvidan, se van acumulando y se derraman en un movimiento social que puede tener un cauce hacia el beneficio colectivo o hacia el abono de intereses particulares. <\/p>\n\n\n\n<p>Como sindicato, nos hemos pronunciado y hemos solicitado por escrito a la Rector\u00eda que se atiendan las exigencias de las estudiantes en paro, de manera efectiva y transparente, que la normativa universitaria se armonice con el marco jur\u00eddico de derechos humanos y derechos de las mujeres, as\u00ed como que se implementen estrategias de prevenci\u00f3n en un marco de educaci\u00f3n para la igualdad. Hasta ahora, las respuestas no han implicado un compromiso formal de las autoridades para actuar sobre las causas que generan violencia estructural en la universidad, incluida la precariedad en la que estamos sometid@s l@s docentes. Sabemos que hay elementos pol\u00edticos y econ\u00f3micos que influyen en la problem\u00e1tica, por ello incluimos en este espacio algunos documentos de opini\u00f3n que nos muestran distintas posturas y que pueden servir para la reflexi\u00f3n.<\/p>\n\n\n\n<p> <\/p>\n\n\n\n<p><strong>La violencia de g\u00e9nero, no una mano negra, desestabiliza la unam <\/strong>https:\/\/www.proceso.com.mx\/617292\/la-violencia-de-genero-no-una-mano-negra-desestabiliza-la-unam\/amp<\/p>\n\n\n\n<p><strong>Directores tapaban acoso en la UNAM: Tribunal<\/strong> (11-02-2020 en julioastillero.com) &#8220;&#8230; cada escuela, cada Facultad tiene una oficina jur\u00eddica con un delegado jur\u00eddico que depende de la oficina del abogado general, nada tiene que ver el Tribunal, ah\u00ed est\u00e1 la queja de ellas, que van a la oficina jur\u00eddica de su escuela y no solamente no les apoyan sino las amenazan, y algo m\u00e1s grave, las tratan de disuadir siempre: \u201cPara qu\u00e9 sigues, date cuenta que el maestro fulano es importante, ya me prometi\u00f3 que no te va a volver a invitar caf\u00e9, que no va a estar incomod\u00e1ndote con sus invitaciones sistem\u00e1ticas para pasear, no, ya es un hecho\u201d. Otra nota al respecto est\u00e1 en: <a href=\"https:\/\/www.eluniversal.com.mx\/nacion\/directivos-de-la-unam-han-sido-omisos-sobre-acoso\">https:\/\/www.eluniversal.com.mx\/nacion\/directivos-de-la-unam-han-sido-omisos-sobre-acoso<\/a><\/p>\n\n\n\n<p><strong>UNAM: dif\u00edcil inicio de a\u00f1o <\/strong> https:\/\/www.jornada.com.mx\/2020\/02\/02\/edito<\/p>\n\n\n\n<p> <strong>Lourdes Enriquez: &#8220;Son mujeres que no tienen nada que perder, porque tienen todo perdido&#8221;<\/strong> https:\/\/play.wradio.com.mx\/audio\/111RD380000000093909\/<\/p>\n\n\n\n<p><\/p>\n\n\n\n<figure class=\"wp-block-embed-youtube wp-block-embed is-type-rich wp-embed-aspect-16-9 wp-has-aspect-ratio\"><div class=\"wp-block-embed__wrapper\">\n<iframe title=\"Por si las moscas: Situaci\u00f3n en la UNAM\" width=\"500\" height=\"281\" src=\"https:\/\/www.youtube.com\/embed\/7etZbxIjb50?list=PLfAfgqbYUKUhltmzGfsDGBN8-X0QU7ixO\" frameborder=\"0\" allow=\"accelerometer; autoplay; clipboard-write; encrypted-media; gyroscope; picture-in-picture; web-share\" referrerpolicy=\"strict-origin-when-cross-origin\" allowfullscreen><\/iframe>\n<\/div><figcaption>Situaci\u00f3n en la UNAM &#8211; Porgrama &#8220;Por si las moscas&#8221; Canal 22<\/figcaption><\/figure>\n\n\n\n<p><\/p>\n\n\n\n<figure class=\"wp-block-image size-large\"><img decoding=\"async\" width=\"1223\" height=\"805\" src=\"https:\/\/sittaunam19.files.wordpress.com\/2020\/02\/img-20200209-wa0016.jpg?w=1024\" alt=\"\" class=\"wp-image-757\" srcset=\"https:\/\/sittaunam.org\/wp-content\/uploads\/2020\/02\/img-20200209-wa0016.jpg 1223w, https:\/\/sittaunam.org\/wp-content\/uploads\/2020\/02\/img-20200209-wa0016-300x197.jpg 300w, https:\/\/sittaunam.org\/wp-content\/uploads\/2020\/02\/img-20200209-wa0016-1024x674.jpg 1024w, https:\/\/sittaunam.org\/wp-content\/uploads\/2020\/02\/img-20200209-wa0016-768x506.jpg 768w\" sizes=\"(max-width: 1223px) 100vw, 1223px\" \/><\/figure>\n\n\n\n<figure class=\"wp-block-image size-large\"><img decoding=\"async\" width=\"1224\" height=\"728\" src=\"https:\/\/sittaunam19.files.wordpress.com\/2020\/02\/img-20200209-wa0017.jpg?w=1024\" class=\"wp-image-758\" srcset=\"https:\/\/sittaunam.org\/wp-content\/uploads\/2020\/02\/img-20200209-wa0017.jpg 1224w, https:\/\/sittaunam.org\/wp-content\/uploads\/2020\/02\/img-20200209-wa0017-300x178.jpg 300w, https:\/\/sittaunam.org\/wp-content\/uploads\/2020\/02\/img-20200209-wa0017-1024x609.jpg 1024w, https:\/\/sittaunam.org\/wp-content\/uploads\/2020\/02\/img-20200209-wa0017-768x457.jpg 768w\" sizes=\"(max-width: 1224px) 100vw, 1224px\" \/><\/figure>\n\n\n\n<p><strong>Denuncian a miembros del STUNAM por violencia de g\u00e9nero en contra de catedr\u00e1tica de la Escuela Nacional Preparatoria N\u00b0 3<\/strong> <a href=\"https:\/\/sexta-azcapotzalco.blogspot.com\/2020\/02\/maestra-de-asignatura-en-la-prepa-3.html?spref=fb&amp;fbclid=IwAR2cdkgjfozFdwyrxqDqq4cHohe1wlEfMLfY0R7f__3Fq2cqWAtuQyP5hfQ&amp;m=1\">https:\/\/sexta-azcapotzalco.blogspot.com\/2020\/02\/maestra-de-asignatura-en-la-prepa-3.html?spref=fb&amp;fbclid=IwAR2cdkgjfozFdwyrxqDqq4cHohe1wlEfMLfY0R7f__3Fq2cqWAtuQyP5hfQ&amp;m=1<\/a> <\/p>\n\n\n\n<p><strong>Misterio en la UNAM<\/strong>  https:\/\/www.elfinanciero.com.mx\/opinion\/raymundo-riva-palacio\/misterio-en-la-unam<\/p>\n\n\n\n<p><strong>Administrativas acusan abuso sexual en CCH Oriente<\/strong> (3-02-2020 en: angelmetropolitano.com.mx)<\/p>\n\n\n\n<figure class=\"wp-block-image size-large\"><img loading=\"lazy\" decoding=\"async\" width=\"720\" height=\"932\" src=\"https:\/\/sittaunam19.files.wordpress.com\/2020\/02\/img-20200211-wa0004.jpg?w=720\" alt=\"\" class=\"wp-image-760\" srcset=\"https:\/\/sittaunam.org\/wp-content\/uploads\/2020\/02\/img-20200211-wa0004.jpg 720w, https:\/\/sittaunam.org\/wp-content\/uploads\/2020\/02\/img-20200211-wa0004-232x300.jpg 232w\" sizes=\"(max-width: 720px) 100vw, 720px\" \/><\/figure>\n\n\n\n<figure class=\"wp-block-image size-large\"><img loading=\"lazy\" decoding=\"async\" width=\"720\" height=\"932\" src=\"https:\/\/sittaunam19.files.wordpress.com\/2020\/02\/img-20200211-wa0006.jpg?w=720\" alt=\"\" class=\"wp-image-761\" srcset=\"https:\/\/sittaunam.org\/wp-content\/uploads\/2020\/02\/img-20200211-wa0006.jpg 720w, https:\/\/sittaunam.org\/wp-content\/uploads\/2020\/02\/img-20200211-wa0006-232x300.jpg 232w\" sizes=\"(max-width: 720px) 100vw, 720px\" \/><\/figure>\n\n\n\n<figure class=\"wp-block-image size-large\"><img loading=\"lazy\" decoding=\"async\" width=\"720\" height=\"1018\" src=\"https:\/\/sittaunam19.files.wordpress.com\/2020\/02\/img-20200211-wa0005.jpg?w=720\" alt=\"\" class=\"wp-image-762\" srcset=\"https:\/\/sittaunam.org\/wp-content\/uploads\/2020\/02\/img-20200211-wa0005.jpg 720w, https:\/\/sittaunam.org\/wp-content\/uploads\/2020\/02\/img-20200211-wa0005-212x300.jpg 212w\" sizes=\"(max-width: 720px) 100vw, 720px\" \/><\/figure>\n\n\n\n<p><strong>El presidente del Tribunal de la UNAM acusa que tribus de Morena estar\u00edan orquestando los paros<\/strong> (6-02-2020 en: sinembargo.mx)<\/p>\n\n\n\n<p><strong>El tsunami de las mujeres llega a la UNAM <\/strong> https:\/\/www.jornada.com.mx\/ultimas\/politica\/2020\/02\/04\/el-tsunami-de-las-mujeres-llega-a-la-unam-luis-hernandez-navarro-8052.html<\/p>\n\n\n\n<p><strong>\u00bfMano negra?<\/strong> https:\/\/www.jornada.com.mx\/2020\/02\/08\/opinion\/012a1pol<\/p>\n\n\n\n<p><\/p>\n","protected":false},"excerpt":{"rendered":"<p>En la UNAM, los actos violentos m\u00e1s visibilizados han sido los suscitados por represi\u00f3n, por el actuar de los porros o por las provocaciones, incluso por la incidencia del crimen organizado; sin embargo, hay otras formas de violencia que recientemente se empiezan a visibilizar de manera m\u00e1s contundente (como el acoso y el abuso sistem\u00e1tico) ya que se ha expuesto la frecuencia con la que han estado sucediendo y la impunidad que gozan quienes perpetran dicha violencia de manera reincidente. El acoso, el abuso, as\u00ed como la discriminaci\u00f3n, no son recientes en la comunidad universitaria, tampoco lo son las voces que cuestionan su &#8220;normalizaci\u00f3n&#8221; o su encubrimiento, lo que hoy se plantea es la exigencia de aplicar la justicia y de cambiar esos modos que reproducen la violencia. Las injusticias que no se olvidan, se van acumulando y se derraman en un movimiento social que puede tener un cauce hacia el beneficio colectivo o hacia el abono de intereses particulares. Como sindicato, nos hemos pronunciado y hemos solicitado por escrito a la Rector\u00eda que se atiendan las exigencias de las estudiantes en paro, de manera efectiva y transparente, que la normativa universitaria se armonice con el marco jur\u00eddico de derechos humanos y derechos de las mujeres, as\u00ed como que se implementen estrategias de prevenci\u00f3n en un marco de educaci\u00f3n para la igualdad. Hasta ahora, las respuestas no han implicado un compromiso formal de las autoridades para actuar sobre las causas que generan violencia estructural en la universidad, incluida la precariedad en la que estamos sometid@s l@s docentes. Sabemos que hay elementos pol\u00edticos y econ\u00f3micos que influyen en la problem\u00e1tica, por ello incluimos en este espacio algunos documentos de opini\u00f3n que nos muestran distintas posturas y que pueden servir para la reflexi\u00f3n. La violencia de g\u00e9nero, no una mano negra, desestabiliza la unam https:\/\/www.proceso.com.mx\/617292\/la-violencia-de-genero-no-una-mano-negra-desestabiliza-la-unam\/amp Directores tapaban acoso en la UNAM: Tribunal (11-02-2020 en julioastillero.com) &#8220;&#8230; cada escuela, cada Facultad tiene una oficina jur\u00eddica con un delegado jur\u00eddico que depende de la oficina del abogado general, nada tiene que ver el Tribunal, ah\u00ed est\u00e1 la queja de ellas, que van a la oficina jur\u00eddica de su escuela y no solamente no les apoyan sino las amenazan, y algo m\u00e1s grave, las tratan de disuadir siempre: \u201cPara qu\u00e9 sigues, date cuenta que el maestro fulano es importante, ya me prometi\u00f3 que no te va a volver a invitar caf\u00e9, que no va a estar incomod\u00e1ndote con sus invitaciones sistem\u00e1ticas para pasear, no, ya es un hecho\u201d. Otra nota al respecto est\u00e1 en: https:\/\/www.eluniversal.com.mx\/nacion\/directivos-de-la-unam-han-sido-omisos-sobre-acoso UNAM: dif\u00edcil inicio de a\u00f1o https:\/\/www.jornada.com.mx\/2020\/02\/02\/edito Lourdes Enriquez: &#8220;Son mujeres que no tienen nada que perder, porque tienen todo perdido&#8221; https:\/\/play.wradio.com.mx\/audio\/111RD380000000093909\/ Denuncian a miembros del STUNAM por violencia de g\u00e9nero en contra de catedr\u00e1tica de la Escuela Nacional Preparatoria N\u00b0 3 https:\/\/sexta-azcapotzalco.blogspot.com\/2020\/02\/maestra-de-asignatura-en-la-prepa-3.html?spref=fb&amp;fbclid=IwAR2cdkgjfozFdwyrxqDqq4cHohe1wlEfMLfY0R7f__3Fq2cqWAtuQyP5hfQ&amp;m=1 Misterio en la UNAM https:\/\/www.elfinanciero.com.mx\/opinion\/raymundo-riva-palacio\/misterio-en-la-unam Administrativas acusan abuso sexual en CCH Oriente (3-02-2020 en: angelmetropolitano.com.mx) El presidente del Tribunal de la UNAM acusa que tribus de Morena estar\u00edan orquestando los paros (6-02-2020 en: sinembargo.mx) El tsunami de las mujeres llega a la UNAM https:\/\/www.jornada.com.mx\/ultimas\/politica\/2020\/02\/04\/el-tsunami-de-las-mujeres-llega-a-la-unam-luis-hernandez-navarro-8052.html \u00bfMano negra? https:\/\/www.jornada.com.mx\/2020\/02\/08\/opinion\/012a1pol<\/p>\n","protected":false},"author":1,"featured_media":0,"comment_status":"open","ping_status":"open","sticky":false,"template":"","format":"standard","meta":{"site-sidebar-layout":"default","site-content-layout":"","ast-site-content-layout":"default","site-content-style":"default","site-sidebar-style":"default","ast-global-header-display":"","ast-banner-title-visibility":"","ast-main-header-display":"","ast-hfb-above-header-display":"","ast-hfb-below-header-display":"","ast-hfb-mobile-header-display":"","site-post-title":"","ast-breadcrumbs-content":"","ast-featured-img":"","footer-sml-layout":"","ast-disable-related-posts":"","theme-transparent-header-meta":"","adv-header-id-meta":"","stick-header-meta":"","header-above-stick-meta":"","header-main-stick-meta":"","header-below-stick-meta":"","astra-migrate-meta-layouts":"default","ast-page-background-enabled":"default","ast-page-background-meta":{"desktop":{"background-color":"var(--ast-global-color-5)","background-image":"","background-repeat":"repeat","background-position":"center center","background-size":"auto","background-attachment":"scroll","background-type":"","background-media":"","overlay-type":"","overlay-color":"","overlay-opacity":"","overlay-gradient":""},"tablet":{"background-color":"","background-image":"","background-repeat":"repeat","background-position":"center center","background-size":"auto","background-attachment":"scroll","background-type":"","background-media":"","overlay-type":"","overlay-color":"","overlay-opacity":"","overlay-gradient":""},"mobile":{"background-color":"","background-image":"","background-repeat":"repeat","background-position":"center center","background-size":"auto","background-attachment":"scroll","background-type":"","background-media":"","overlay-type":"","overlay-color":"","overlay-opacity":"","overlay-gradient":""}},"ast-content-background-meta":{"desktop":{"background-color":"var(--ast-global-color-4)","background-image":"","background-repeat":"repeat","background-position":"center center","background-size":"auto","background-attachment":"scroll","background-type":"","background-media":"","overlay-type":"","overlay-color":"","overlay-opacity":"","overlay-gradient":""},"tablet":{"background-color":"var(--ast-global-color-4)","background-image":"","background-repeat":"repeat","background-position":"center center","background-size":"auto","background-attachment":"scroll","background-type":"","background-media":"","overlay-type":"","overlay-color":"","overlay-opacity":"","overlay-gradient":""},"mobile":{"background-color":"var(--ast-global-color-4)","background-image":"","background-repeat":"repeat","background-position":"center center","background-size":"auto","background-attachment":"scroll","background-type":"","background-media":"","overlay-type":"","overlay-color":"","overlay-opacity":"","overlay-gradient":""}},"footnotes":""},"categories":[1],"tags":[],"class_list":["post-739","post","type-post","status-publish","format-standard","hentry","category-sin-categoria"],"_links":{"self":[{"href":"https:\/\/sittaunam.org\/index.php\/wp-json\/wp\/v2\/posts\/739","targetHints":{"allow":["GET"]}}],"collection":[{"href":"https:\/\/sittaunam.org\/index.php\/wp-json\/wp\/v2\/posts"}],"about":[{"href":"https:\/\/sittaunam.org\/index.php\/wp-json\/wp\/v2\/types\/post"}],"author":[{"embeddable":true,"href":"https:\/\/sittaunam.org\/index.php\/wp-json\/wp\/v2\/users\/1"}],"replies":[{"embeddable":true,"href":"https:\/\/sittaunam.org\/index.php\/wp-json\/wp\/v2\/comments?post=739"}],"version-history":[{"count":0,"href":"https:\/\/sittaunam.org\/index.php\/wp-json\/wp\/v2\/posts\/739\/revisions"}],"wp:attachment":[{"href":"https:\/\/sittaunam.org\/index.php\/wp-json\/wp\/v2\/media?parent=739"}],"wp:term":[{"taxonomy":"category","embeddable":true,"href":"https:\/\/sittaunam.org\/index.php\/wp-json\/wp\/v2\/categories?post=739"},{"taxonomy":"post_tag","embeddable":true,"href":"https:\/\/sittaunam.org\/index.php\/wp-json\/wp\/v2\/tags?post=739"}],"curies":[{"name":"wp","href":"https:\/\/api.w.org\/{rel}","templated":true}]}}