{"id":854,"date":"2020-04-25T17:21:10","date_gmt":"2020-04-25T17:21:10","guid":{"rendered":"https:\/\/sittaunam19.wordpress.com\/?p=854"},"modified":"2020-04-25T17:21:10","modified_gmt":"2020-04-25T17:21:10","slug":"sittaunam-se-suma-a-la-peticion-de-crear-un-fondo-de-resistencia-para-afectados-por-covid19","status":"publish","type":"post","link":"https:\/\/sittaunam.org\/index.php\/2020\/04\/25\/sittaunam-se-suma-a-la-peticion-de-crear-un-fondo-de-resistencia-para-afectados-por-covid19\/","title":{"rendered":"SITTAUNAM se suma a la petici\u00f3n de crear un fondo de resistencia para afectados por COVID19"},"content":{"rendered":"\n<p>El s\u00e1bado 11 de abril se public\u00f3 una carta en el Correo Ilustrado del peri\u00f3dico La Jornada, propuesta por el Dr. Miguel \u00c1ngel  Garc\u00eda \u00c1lvarez (profesor de la Facultad de Ciencias), en la que se llama a crear un fondo de resistencia para afectados por la pandemia de COVID19, la cual ha provocado, hasta ahora, que el n\u00famero de fallecimientos aumente de manera exponencial. Ante la necesidad de aislamiento, se hace un llamado a no permitir despidos de trabajadores, ni que se deje de pagar su salario, as\u00ed como a la creaci\u00f3n de un fondo para atender a las familias que viven al d\u00eda.<\/p>\n\n\n\n<p>Leer la carta completa en la siguiente liga:<\/p>\n\n\n\n<p>https:\/\/www.jornada.com.mx\/2020\/04\/11\/correo<\/p>\n","protected":false},"excerpt":{"rendered":"<p>El s\u00e1bado 11 de abril se public\u00f3 una carta en el Correo Ilustrado del peri\u00f3dico La Jornada, propuesta por el Dr. Miguel \u00c1ngel Garc\u00eda \u00c1lvarez (profesor de la Facultad de Ciencias), en la que se llama a crear un fondo de resistencia para afectados por la pandemia de COVID19, la cual ha provocado, hasta ahora, que el n\u00famero de fallecimientos aumente de manera exponencial. Ante la necesidad de aislamiento, se hace un llamado a no permitir despidos de trabajadores, ni que se deje de pagar su salario, as\u00ed como a la creaci\u00f3n de un fondo para atender a las familias que viven al d\u00eda. Leer la carta completa en la siguiente liga: https:\/\/www.jornada.com.mx\/2020\/04\/11\/correo<\/p>\n","protected":false},"author":1,"featured_media":0,"comment_status":"open","ping_status":"open","sticky":false,"template":"","format":"standard","meta":{"site-sidebar-layout":"default","site-content-layout":"","ast-site-content-layout":"default","site-content-style":"default","site-sidebar-style":"default","ast-global-header-display":"","ast-banner-title-visibility":"","ast-main-header-display":"","ast-hfb-above-header-display":"","ast-hfb-below-header-display":"","ast-hfb-mobile-header-display":"","site-post-title":"","ast-breadcrumbs-content":"","ast-featured-img":"","footer-sml-layout":"","ast-disable-related-posts":"","theme-transparent-header-meta":"","adv-header-id-meta":"","stick-header-meta":"","header-above-stick-meta":"","header-main-stick-meta":"","header-below-stick-meta":"","astra-migrate-meta-layouts":"default","ast-page-background-enabled":"default","ast-page-background-meta":{"desktop":{"background-color":"var(--ast-global-color-5)","background-image":"","background-repeat":"repeat","background-position":"center center","background-size":"auto","background-attachment":"scroll","background-type":"","background-media":"","overlay-type":"","overlay-color":"","overlay-opacity":"","overlay-gradient":""},"tablet":{"background-color":"","background-image":"","background-repeat":"repeat","background-position":"center center","background-size":"auto","background-attachment":"scroll","background-type":"","background-media":"","overlay-type":"","overlay-color":"","overlay-opacity":"","overlay-gradient":""},"mobile":{"background-color":"","background-image":"","background-repeat":"repeat","background-position":"center center","background-size":"auto","background-attachment":"scroll","background-type":"","background-media":"","overlay-type":"","overlay-color":"","overlay-opacity":"","overlay-gradient":""}},"ast-content-background-meta":{"desktop":{"background-color":"var(--ast-global-color-4)","background-image":"","background-repeat":"repeat","background-position":"center center","background-size":"auto","background-attachment":"scroll","background-type":"","background-media":"","overlay-type":"","overlay-color":"","overlay-opacity":"","overlay-gradient":""},"tablet":{"background-color":"var(--ast-global-color-4)","background-image":"","background-repeat":"repeat","background-position":"center center","background-size":"auto","background-attachment":"scroll","background-type":"","background-media":"","overlay-type":"","overlay-color":"","overlay-opacity":"","overlay-gradient":""},"mobile":{"background-color":"var(--ast-global-color-4)","background-image":"","background-repeat":"repeat","background-position":"center center","background-size":"auto","background-attachment":"scroll","background-type":"","background-media":"","overlay-type":"","overlay-color":"","overlay-opacity":"","overlay-gradient":""}},"footnotes":""},"categories":[1],"tags":[],"class_list":["post-854","post","type-post","status-publish","format-standard","hentry","category-sin-categoria"],"_links":{"self":[{"href":"https:\/\/sittaunam.org\/index.php\/wp-json\/wp\/v2\/posts\/854","targetHints":{"allow":["GET"]}}],"collection":[{"href":"https:\/\/sittaunam.org\/index.php\/wp-json\/wp\/v2\/posts"}],"about":[{"href":"https:\/\/sittaunam.org\/index.php\/wp-json\/wp\/v2\/types\/post"}],"author":[{"embeddable":true,"href":"https:\/\/sittaunam.org\/index.php\/wp-json\/wp\/v2\/users\/1"}],"replies":[{"embeddable":true,"href":"https:\/\/sittaunam.org\/index.php\/wp-json\/wp\/v2\/comments?post=854"}],"version-history":[{"count":0,"href":"https:\/\/sittaunam.org\/index.php\/wp-json\/wp\/v2\/posts\/854\/revisions"}],"wp:attachment":[{"href":"https:\/\/sittaunam.org\/index.php\/wp-json\/wp\/v2\/media?parent=854"}],"wp:term":[{"taxonomy":"category","embeddable":true,"href":"https:\/\/sittaunam.org\/index.php\/wp-json\/wp\/v2\/categories?post=854"},{"taxonomy":"post_tag","embeddable":true,"href":"https:\/\/sittaunam.org\/index.php\/wp-json\/wp\/v2\/tags?post=854"}],"curies":[{"name":"wp","href":"https:\/\/api.w.org\/{rel}","templated":true}]}}